{"id":100,"date":"2024-01-19T13:04:50","date_gmt":"2024-01-19T16:04:50","guid":{"rendered":"https:\/\/www.hurbana.com\/blog\/?p=100"},"modified":"2024-01-26T18:50:19","modified_gmt":"2024-01-26T21:50:19","slug":"marketing-experiencia-potencializa-vocacao-enderecos-hurbana","status":"publish","type":"post","link":"https:\/\/www.hurbana.com\/blog\/cidades\/marketing-experiencia-potencializa-vocacao-enderecos-hurbana\/","title":{"rendered":"Marketing de Experi\u00eancia potencializa a voca\u00e7\u00e3o natural dos endere\u00e7os da Hurbana"},"content":{"rendered":"\n<p>A <a href=\"https:\/\/www.hurbana.com\/\" target=\"_blank\" rel=\"noreferrer noopener\">Hurbana &#8211; Cidade Para Pessoas<\/a>, com mais de duas d\u00e9cadas de experi\u00eancia no desenvolvimento de projetos urban\u00edsticos na Grande Florian\u00f3polis, destaca-se ao aplicar o Marketing de Experi\u00eancia como uma estrat\u00e9gia diferenciada para enriquecer a viv\u00eancia de moradores e visitantes em seus empreendimentos.<\/p>\n\n\n\n<p>Os projetos desenvolvidos pela Hurbana que incluem desde as evolu\u00e7\u00f5es dos condom\u00ednios de lotes, passando por bairros planejados e chegando ao urbanismo com foco nas pessoas, incorporam essa abordagem estrat\u00e9gica para potencializar a voca\u00e7\u00e3o natural de seus endere\u00e7os, proporcionando experi\u00eancias personalizadas e aut\u00eanticas que atendam \u00e0s expectativas dos consumidores.<\/p>\n\n\n\n<p>Os endere\u00e7os assinados pela Hurbana se transformam em locais que respiram arte, cultura e divers\u00e3o, tornando-se palco de eventos, feiras e apresenta\u00e7\u00f5es art\u00edsticas. No contexto imobili\u00e1rio, essa abordagem visa n\u00e3o apenas proporcionar uma experi\u00eancia positiva e marcante, mas tamb\u00e9m estabelecer um v\u00ednculo emocional que possa conduzir \u00e0 fideliza\u00e7\u00e3o e \u00e0 recomenda\u00e7\u00e3o a outros potenciais clientes.<\/p>\n\n\n\n<p>Isso pode ser alcan\u00e7ado por meio da customiza\u00e7\u00e3o de espa\u00e7os, oferta de servi\u00e7os exclusivos ou mesmo eventos direcionados aos interesses da comunidade. Ao tornar a experi\u00eancia mais personalizada, a Hurbana n\u00e3o apenas atende \u00e0s expectativas, mas as supera, criando la\u00e7os emocionais com seus clientes.&nbsp;<\/p>\n\n\n\n<p>A realiza\u00e7\u00e3o de eventos e ativa\u00e7\u00f5es de comunidade \u00e9 uma poderosa ferramenta para fortalecer a liga\u00e7\u00e3o nos endere\u00e7os da Hurbana. Workshops, festivais culturais, aulas de bem-estar, entre outras iniciativas, agregam valor ao local, como tamb\u00e9m promovem senso de pertencimento.&nbsp;<\/p>\n\n\n\n<p><em>\u201cProporcionar experi\u00eancias coletivas fortalecem a imagem da Hurbana como uma empresa comprometida com o bem-estar da comunidade ao compartilhar momentos que enriquecem a viv\u00eancia nos endere\u00e7os\u201d<\/em>, pontua <a href=\"https:\/\/www.linkedin.com\/in\/shaiane-konrad-bogeo-71884a60\/\" target=\"_blank\" rel=\"noreferrer noopener\">Shaiane Konrad Bogeo<\/a>, Analista de Marketing e Gest\u00e3o de Pessoas da Hurbana sobre as premissas que norteiam as iniciativas da marca.&nbsp;<\/p>\n\n\n\n<h2 class=\"wp-block-heading\">Hurbana valoriza manifesta\u00e7\u00f5es art\u00edsticas e culturais para proporcionar experi\u00eancias inovadoras em seus endere\u00e7os<\/h2>\n\n\n\n<p>O amplo espa\u00e7o de lazer ao ar livre, caracter\u00edstico dos <a href=\"https:\/\/www.hurbana.com\/passeios\/\" target=\"_blank\" rel=\"noreferrer noopener\">Passeios idealizados pela Hurbana &#8211; Cidade Para Pessoas<\/a>, integra mobili\u00e1rio urbano amig\u00e1vel, al\u00e9m de promover interven\u00e7\u00f5es urban\u00edsticas personalizadas para proporcionar experi\u00eancias inovadoras em seus endere\u00e7os. O variado mix de lojas, restaurantes e servi\u00e7os aliado a atividades de lazer e entretenimento onde eventos culturais, exposi\u00e7\u00f5es de arte e feiras s\u00e3o promovidos regularmente, consolida o prop\u00f3sito da empresa de promover a rua como palco da vida.<\/p>\n\n\n\n<p>Com uma agenda cultural movimentada, a marca refor\u00e7a o seu prop\u00f3sito de valorizar as mais diferentes formas de arte em seus empreendimentos, planejando eventos direcionados a um p\u00fablico diversificado.&nbsp;<\/p>\n\n\n\n<p>As pra\u00e7as e espa\u00e7os p\u00fablicos s\u00e3o utilizados como locais de encontro, fomentando o senso de comunidade e fortalecendo os la\u00e7os sociais. Muitos dos visitantes tamb\u00e9m s\u00e3o atra\u00eddos pelos eventos locais.&nbsp;<\/p>\n\n\n\n<p>Entre os eventos realizados para movimentar os Passeios Pedra Branca e Primavera, destacam-se: St Patrick\u2019s Day, P\u00e1scoa, Halloween e o Natal Encantado. As iniciativas envolvem cultura, oficinas e lazer para todas as idades e fortalecem o compromisso com o bem-estar da comunidade, incentivando uma vida urbana mais humana.<\/p>\n\n\n\n<p><em>\u201cTodas as a\u00e7\u00f5es desenvolvidas ao longo do ano visam aproximar o p\u00fablico da arte em geral, poderoso instrumento de transforma\u00e7\u00e3o social e cultural. E a arte urbana \u00e9 um importante elemento das nossas entregas urban\u00edsticas. Estamos consolidando e ampliando esse nosso prop\u00f3sito a cada evento\u201d<\/em>, destaca <a href=\"https:\/\/www.linkedin.com\/in\/shaiane-konrad-bogeo-71884a60\/\" target=\"_blank\" rel=\"noreferrer noopener\">Shaiane Konrad Bogeo<\/a>.<\/p>\n\n\n\n<p>Entenda como a Hurbana &#8211; Cidade Para Pessoas aplica na pr\u00e1tica o conceito de Marketing de Experi\u00eancia para potencializar a voca\u00e7\u00e3o natural de seus endere\u00e7os:&nbsp;<\/p>\n\n\n\n<h3 class=\"wp-block-heading\">Cidade viva&nbsp;<\/h3>\n\n\n\n<p>Redescobrir a cidade atrav\u00e9s do uso dos Passeios como palco de manifesta\u00e7\u00f5es art\u00edsticas e culturais \u00e9 uma tend\u00eancia crescente. Essa abordagem inovadora n\u00e3o apenas revitaliza a rela\u00e7\u00e3o das pessoas com o ambiente urbano, mas tamb\u00e9m proporciona uma plataforma \u00fanica para artistas e performers compartilharem suas vis\u00f5es com o p\u00fablico. A valoriza\u00e7\u00e3o da arte como interven\u00e7\u00e3o urbana convida a explorar a cidade de maneira mais profunda, interagindo com a cultura que a permeia.\u00a0<\/p>\n\n\n\n<h3 class=\"wp-block-heading\">Atividades de lazer ao ar livre&nbsp;<\/h3>\n\n\n\n<p>A gest\u00e3o do espa\u00e7o p\u00fablico dos endere\u00e7os da Hurbana \u00e9 pensada para estimular um estilo de vida urbano mais ativo e vibrante. Al\u00e9m de espa\u00e7os de conviv\u00eancia ao ar livre, atrativos naturais e gentilezas urbanas, a programa\u00e7\u00e3o cultural mensal inclui feiras de artesanato, atra\u00e7\u00f5es festivas e tem\u00e1ticas, como o tradicional evento &#8220;Natal Encantado&#8221;.<\/p>\n\n\n\n<h3 class=\"wp-block-heading\">Galeria de arte a c\u00e9u aberto<\/h3>\n\n\n\n<p>Diversas obras de arte est\u00e3o expostas nos endere\u00e7os da Hurbana, contribuindo para aproximar o p\u00fablico da arte em geral. Sob o conceito cidade para pessoas, que consagraram as iniciativas do grupo, obras de arte passam a compor os espa\u00e7os de uso p\u00fablico, provocando encantamento, reflex\u00e3o e a ressignifica\u00e7\u00e3o da rela\u00e7\u00e3o das pessoas com os lugares.<\/p>\n\n\n\n<h3 class=\"wp-block-heading\">Eventos e Ativa\u00e7\u00f5es de Comunidade<\/h3>\n\n\n\n<p>A realiza\u00e7\u00e3o de eventos e ativa\u00e7\u00f5es de comunidade \u00e9 uma poderosa ferramenta para fortalecer a liga\u00e7\u00e3o entre os moradores e os endere\u00e7os Hurbana. Workshops, festivais culturais, aulas de bem-estar, entre outras iniciativas, n\u00e3o apenas agregam valor ao local, mas tamb\u00e9m promovem um senso de pertencimento. Essas experi\u00eancias coletivas n\u00e3o s\u00f3 fortalecem a imagem da Hurbana como uma empresa comprometida com o bem-estar da comunidade, mas tamb\u00e9m criam hist\u00f3rias compartilhadas que enriquecem a viv\u00eancia dos moradores.<\/p>\n\n\n\n<p>Acompanhe os canais oficiais dos endere\u00e7os da Hurbana para ficar por dentro da agenda cultural mensal:<\/p>\n\n\n\n<p><a href=\"https:\/\/www.passeiopedrabranca.com.br\/\" target=\"_blank\" rel=\"noreferrer noopener\">Site Passeio Pedra Branca<\/a><\/p>\n\n\n\n<p><a href=\"https:\/\/www.passeioprimavera.com.br\/\" target=\"_blank\" rel=\"noreferrer noopener\">Site Passeio Primavera<\/a><\/p>\n","protected":false},"excerpt":{"rendered":"<p>A Hurbana &#8211; Cidade Para Pessoas, com mais de duas d\u00e9cadas de experi\u00eancia no desenvolvimento de projetos urban\u00edsticos na Grande Florian\u00f3polis, destaca-se ao aplicar o Marketing de Experi\u00eancia como uma estrat\u00e9gia diferenciada para enriquecer a viv\u00eancia de moradores e visitantes em seus empreendimentos. Os projetos desenvolvidos pela Hurbana que incluem desde as evolu\u00e7\u00f5es dos condom\u00ednios [&hellip;]<\/p>\n","protected":false},"author":5,"featured_media":101,"comment_status":"open","ping_status":"open","sticky":false,"template":"","format":"standard","meta":{"footnotes":""},"categories":[1,2],"tags":[],"class_list":["post-100","post","type-post","status-publish","format-standard","has-post-thumbnail","hentry","category-cidades","category-passeios"],"yoast_head":"<!-- This site is optimized with the Yoast SEO plugin v27.1.1 - https:\/\/yoast.com\/product\/yoast-seo-wordpress\/ -->\n<title>Marketing de Experi\u00eancia potencializa voca\u00e7\u00e3o natural dos endere\u00e7os da Hurbana<\/title>\n<meta name=\"description\" content=\"Com uma agenda cultural movimentada, a marca refor\u00e7a o seu prop\u00f3sito de valorizar as mais diferentes formas de arte em seus empreendimentos.\" \/>\n<meta name=\"robots\" content=\"index, follow, max-snippet:-1, max-image-preview:large, max-video-preview:-1\" \/>\n<link rel=\"canonical\" href=\"https:\/\/www.hurbana.com\/blog\/cidades\/marketing-experiencia-potencializa-vocacao-enderecos-hurbana\/\" \/>\n<meta property=\"og:locale\" content=\"pt_BR\" \/>\n<meta property=\"og:type\" content=\"article\" \/>\n<meta property=\"og:title\" content=\"Marketing de Experi\u00eancia potencializa voca\u00e7\u00e3o natural dos endere\u00e7os da Hurbana\" \/>\n<meta property=\"og:description\" content=\"Com uma agenda cultural movimentada, a marca refor\u00e7a o seu prop\u00f3sito de valorizar as mais diferentes formas de arte em seus empreendimentos.\" \/>\n<meta property=\"og:url\" content=\"https:\/\/www.hurbana.com\/blog\/cidades\/marketing-experiencia-potencializa-vocacao-enderecos-hurbana\/\" \/>\n<meta property=\"og:site_name\" content=\"Blog - Hurbana\" \/>\n<meta property=\"article:publisher\" content=\"https:\/\/www.facebook.com\/cidadepedrabranca\" \/>\n<meta property=\"article:published_time\" content=\"2024-01-19T16:04:50+00:00\" \/>\n<meta property=\"article:modified_time\" content=\"2024-01-26T21:50:19+00:00\" \/>\n<meta property=\"og:image\" content=\"https:\/\/www.hurbana.com\/blog\/wp-content\/uploads\/2024\/01\/marketing-experiencia-potencializa-vocacao-enderecos-hurbana.jpg\" \/>\n\t<meta property=\"og:image:width\" content=\"1022\" \/>\n\t<meta property=\"og:image:height\" content=\"680\" \/>\n\t<meta property=\"og:image:type\" content=\"image\/jpeg\" \/>\n<meta name=\"author\" content=\"Bianca\" \/>\n<meta name=\"twitter:card\" content=\"summary_large_image\" \/>\n<meta name=\"twitter:label1\" content=\"Written by\" \/>\n\t<meta name=\"twitter:data1\" content=\"Bianca\" \/>\n\t<meta name=\"twitter:label2\" content=\"Est. reading time\" \/>\n\t<meta name=\"twitter:data2\" content=\"5 minutos\" \/>\n<script type=\"application\/ld+json\" class=\"yoast-schema-graph\">{\"@context\":\"https:\/\/schema.org\",\"@graph\":[{\"@type\":\"Article\",\"@id\":\"https:\/\/www.hurbana.com\/blog\/cidades\/marketing-experiencia-potencializa-vocacao-enderecos-hurbana\/#article\",\"isPartOf\":{\"@id\":\"https:\/\/www.hurbana.com\/blog\/cidades\/marketing-experiencia-potencializa-vocacao-enderecos-hurbana\/\"},\"author\":{\"name\":\"Bianca\",\"@id\":\"https:\/\/www.hurbana.com\/blog\/#\/schema\/person\/d72139e6e1d9e595784bbd1b9673449e\"},\"headline\":\"Marketing de Experi\u00eancia potencializa a voca\u00e7\u00e3o natural dos endere\u00e7os da Hurbana\",\"datePublished\":\"2024-01-19T16:04:50+00:00\",\"dateModified\":\"2024-01-26T21:50:19+00:00\",\"mainEntityOfPage\":{\"@id\":\"https:\/\/www.hurbana.com\/blog\/cidades\/marketing-experiencia-potencializa-vocacao-enderecos-hurbana\/\"},\"wordCount\":981,\"commentCount\":0,\"publisher\":{\"@id\":\"https:\/\/www.hurbana.com\/blog\/#organization\"},\"image\":{\"@id\":\"https:\/\/www.hurbana.com\/blog\/cidades\/marketing-experiencia-potencializa-vocacao-enderecos-hurbana\/#primaryimage\"},\"thumbnailUrl\":\"https:\/\/www.hurbana.com\/blog\/wp-content\/uploads\/2024\/01\/marketing-experiencia-potencializa-vocacao-enderecos-hurbana.jpg\",\"articleSection\":[\"Cidades\",\"Passeios\"],\"inLanguage\":\"pt-BR\",\"potentialAction\":[{\"@type\":\"CommentAction\",\"name\":\"Comment\",\"target\":[\"https:\/\/www.hurbana.com\/blog\/cidades\/marketing-experiencia-potencializa-vocacao-enderecos-hurbana\/#respond\"]}]},{\"@type\":\"WebPage\",\"@id\":\"https:\/\/www.hurbana.com\/blog\/cidades\/marketing-experiencia-potencializa-vocacao-enderecos-hurbana\/\",\"url\":\"https:\/\/www.hurbana.com\/blog\/cidades\/marketing-experiencia-potencializa-vocacao-enderecos-hurbana\/\",\"name\":\"Marketing de Experi\u00eancia potencializa voca\u00e7\u00e3o natural dos endere\u00e7os da Hurbana\",\"isPartOf\":{\"@id\":\"https:\/\/www.hurbana.com\/blog\/#website\"},\"primaryImageOfPage\":{\"@id\":\"https:\/\/www.hurbana.com\/blog\/cidades\/marketing-experiencia-potencializa-vocacao-enderecos-hurbana\/#primaryimage\"},\"image\":{\"@id\":\"https:\/\/www.hurbana.com\/blog\/cidades\/marketing-experiencia-potencializa-vocacao-enderecos-hurbana\/#primaryimage\"},\"thumbnailUrl\":\"https:\/\/www.hurbana.com\/blog\/wp-content\/uploads\/2024\/01\/marketing-experiencia-potencializa-vocacao-enderecos-hurbana.jpg\",\"datePublished\":\"2024-01-19T16:04:50+00:00\",\"dateModified\":\"2024-01-26T21:50:19+00:00\",\"description\":\"Com uma agenda cultural movimentada, a marca refor\u00e7a o seu prop\u00f3sito de valorizar as mais diferentes formas de arte em seus empreendimentos.\",\"breadcrumb\":{\"@id\":\"https:\/\/www.hurbana.com\/blog\/cidades\/marketing-experiencia-potencializa-vocacao-enderecos-hurbana\/#breadcrumb\"},\"inLanguage\":\"pt-BR\",\"potentialAction\":[{\"@type\":\"ReadAction\",\"target\":[\"https:\/\/www.hurbana.com\/blog\/cidades\/marketing-experiencia-potencializa-vocacao-enderecos-hurbana\/\"]}]},{\"@type\":\"ImageObject\",\"inLanguage\":\"pt-BR\",\"@id\":\"https:\/\/www.hurbana.com\/blog\/cidades\/marketing-experiencia-potencializa-vocacao-enderecos-hurbana\/#primaryimage\",\"url\":\"https:\/\/www.hurbana.com\/blog\/wp-content\/uploads\/2024\/01\/marketing-experiencia-potencializa-vocacao-enderecos-hurbana.jpg\",\"contentUrl\":\"https:\/\/www.hurbana.com\/blog\/wp-content\/uploads\/2024\/01\/marketing-experiencia-potencializa-vocacao-enderecos-hurbana.jpg\",\"width\":1022,\"height\":680},{\"@type\":\"BreadcrumbList\",\"@id\":\"https:\/\/www.hurbana.com\/blog\/cidades\/marketing-experiencia-potencializa-vocacao-enderecos-hurbana\/#breadcrumb\",\"itemListElement\":[{\"@type\":\"ListItem\",\"position\":1,\"name\":\"Home\",\"item\":\"https:\/\/www.hurbana.com\/blog\/\"},{\"@type\":\"ListItem\",\"position\":2,\"name\":\"Marketing de Experi\u00eancia potencializa a voca\u00e7\u00e3o natural dos endere\u00e7os da Hurbana\"}]},{\"@type\":\"WebSite\",\"@id\":\"https:\/\/www.hurbana.com\/blog\/#website\",\"url\":\"https:\/\/www.hurbana.com\/blog\/\",\"name\":\"Blog - Hurbana\",\"description\":\"A vida em comunidade \u00e9 nosso maior ativo. A vida urbana \u00e9 nosso maior orgulho. Hurbana - Cidade Para Pessoas.\",\"publisher\":{\"@id\":\"https:\/\/www.hurbana.com\/blog\/#organization\"},\"potentialAction\":[{\"@type\":\"SearchAction\",\"target\":{\"@type\":\"EntryPoint\",\"urlTemplate\":\"https:\/\/www.hurbana.com\/blog\/?s={search_term_string}\"},\"query-input\":{\"@type\":\"PropertyValueSpecification\",\"valueRequired\":true,\"valueName\":\"search_term_string\"}}],\"inLanguage\":\"pt-BR\"},{\"@type\":\"Organization\",\"@id\":\"https:\/\/www.hurbana.com\/blog\/#organization\",\"name\":\"Blog - Hurbana\",\"url\":\"https:\/\/www.hurbana.com\/blog\/\",\"logo\":{\"@type\":\"ImageObject\",\"inLanguage\":\"pt-BR\",\"@id\":\"https:\/\/www.hurbana.com\/blog\/#\/schema\/logo\/image\/\",\"url\":\"https:\/\/www.hurbana.com\/blog\/wp-content\/uploads\/2024\/01\/hurbana-cidade-para-pessoas.png\",\"contentUrl\":\"https:\/\/www.hurbana.com\/blog\/wp-content\/uploads\/2024\/01\/hurbana-cidade-para-pessoas.png\",\"width\":213,\"height\":70,\"caption\":\"Blog - Hurbana\"},\"image\":{\"@id\":\"https:\/\/www.hurbana.com\/blog\/#\/schema\/logo\/image\/\"},\"sameAs\":[\"https:\/\/www.facebook.com\/cidadepedrabranca\",\"https:\/\/www.instagram.com\/vidahurbana\/\",\"https:\/\/www.youtube.com\/@vidahurbana\/\"]},{\"@type\":\"Person\",\"@id\":\"https:\/\/www.hurbana.com\/blog\/#\/schema\/person\/d72139e6e1d9e595784bbd1b9673449e\",\"name\":\"Bianca\",\"image\":{\"@type\":\"ImageObject\",\"inLanguage\":\"pt-BR\",\"@id\":\"https:\/\/www.hurbana.com\/blog\/#\/schema\/person\/image\/\",\"url\":\"https:\/\/secure.gravatar.com\/avatar\/b3d4c837c9972fd0f41c479fce0eeaea7572f0020cae5dd943c3206f00faea2b?s=96&d=mm&r=g\",\"contentUrl\":\"https:\/\/secure.gravatar.com\/avatar\/b3d4c837c9972fd0f41c479fce0eeaea7572f0020cae5dd943c3206f00faea2b?s=96&d=mm&r=g\",\"caption\":\"Bianca\"},\"sameAs\":[\"http:\/\/www.hurbana.com\"],\"url\":\"https:\/\/www.hurbana.com\/blog\/author\/bianca\/\"}]}<\/script>\n<!-- \/ Yoast SEO plugin. -->","yoast_head_json":{"title":"Marketing de Experi\u00eancia potencializa voca\u00e7\u00e3o natural dos endere\u00e7os da Hurbana","description":"Com uma agenda cultural movimentada, a marca refor\u00e7a o seu prop\u00f3sito de valorizar as mais diferentes formas de arte em seus empreendimentos.","robots":{"index":"index","follow":"follow","max-snippet":"max-snippet:-1","max-image-preview":"max-image-preview:large","max-video-preview":"max-video-preview:-1"},"canonical":"https:\/\/www.hurbana.com\/blog\/cidades\/marketing-experiencia-potencializa-vocacao-enderecos-hurbana\/","og_locale":"pt_BR","og_type":"article","og_title":"Marketing de Experi\u00eancia potencializa voca\u00e7\u00e3o natural dos endere\u00e7os da Hurbana","og_description":"Com uma agenda cultural movimentada, a marca refor\u00e7a o seu prop\u00f3sito de valorizar as mais diferentes formas de arte em seus empreendimentos.","og_url":"https:\/\/www.hurbana.com\/blog\/cidades\/marketing-experiencia-potencializa-vocacao-enderecos-hurbana\/","og_site_name":"Blog - Hurbana","article_publisher":"https:\/\/www.facebook.com\/cidadepedrabranca","article_published_time":"2024-01-19T16:04:50+00:00","article_modified_time":"2024-01-26T21:50:19+00:00","og_image":[{"width":1022,"height":680,"url":"https:\/\/www.hurbana.com\/blog\/wp-content\/uploads\/2024\/01\/marketing-experiencia-potencializa-vocacao-enderecos-hurbana.jpg","type":"image\/jpeg"}],"author":"Bianca","twitter_card":"summary_large_image","twitter_misc":{"Written by":"Bianca","Est. reading time":"5 minutos"},"schema":{"@context":"https:\/\/schema.org","@graph":[{"@type":"Article","@id":"https:\/\/www.hurbana.com\/blog\/cidades\/marketing-experiencia-potencializa-vocacao-enderecos-hurbana\/#article","isPartOf":{"@id":"https:\/\/www.hurbana.com\/blog\/cidades\/marketing-experiencia-potencializa-vocacao-enderecos-hurbana\/"},"author":{"name":"Bianca","@id":"https:\/\/www.hurbana.com\/blog\/#\/schema\/person\/d72139e6e1d9e595784bbd1b9673449e"},"headline":"Marketing de Experi\u00eancia potencializa a voca\u00e7\u00e3o natural dos endere\u00e7os da Hurbana","datePublished":"2024-01-19T16:04:50+00:00","dateModified":"2024-01-26T21:50:19+00:00","mainEntityOfPage":{"@id":"https:\/\/www.hurbana.com\/blog\/cidades\/marketing-experiencia-potencializa-vocacao-enderecos-hurbana\/"},"wordCount":981,"commentCount":0,"publisher":{"@id":"https:\/\/www.hurbana.com\/blog\/#organization"},"image":{"@id":"https:\/\/www.hurbana.com\/blog\/cidades\/marketing-experiencia-potencializa-vocacao-enderecos-hurbana\/#primaryimage"},"thumbnailUrl":"https:\/\/www.hurbana.com\/blog\/wp-content\/uploads\/2024\/01\/marketing-experiencia-potencializa-vocacao-enderecos-hurbana.jpg","articleSection":["Cidades","Passeios"],"inLanguage":"pt-BR","potentialAction":[{"@type":"CommentAction","name":"Comment","target":["https:\/\/www.hurbana.com\/blog\/cidades\/marketing-experiencia-potencializa-vocacao-enderecos-hurbana\/#respond"]}]},{"@type":"WebPage","@id":"https:\/\/www.hurbana.com\/blog\/cidades\/marketing-experiencia-potencializa-vocacao-enderecos-hurbana\/","url":"https:\/\/www.hurbana.com\/blog\/cidades\/marketing-experiencia-potencializa-vocacao-enderecos-hurbana\/","name":"Marketing de Experi\u00eancia potencializa voca\u00e7\u00e3o natural dos endere\u00e7os da Hurbana","isPartOf":{"@id":"https:\/\/www.hurbana.com\/blog\/#website"},"primaryImageOfPage":{"@id":"https:\/\/www.hurbana.com\/blog\/cidades\/marketing-experiencia-potencializa-vocacao-enderecos-hurbana\/#primaryimage"},"image":{"@id":"https:\/\/www.hurbana.com\/blog\/cidades\/marketing-experiencia-potencializa-vocacao-enderecos-hurbana\/#primaryimage"},"thumbnailUrl":"https:\/\/www.hurbana.com\/blog\/wp-content\/uploads\/2024\/01\/marketing-experiencia-potencializa-vocacao-enderecos-hurbana.jpg","datePublished":"2024-01-19T16:04:50+00:00","dateModified":"2024-01-26T21:50:19+00:00","description":"Com uma agenda cultural movimentada, a marca refor\u00e7a o seu prop\u00f3sito de valorizar as mais diferentes formas de arte em seus empreendimentos.","breadcrumb":{"@id":"https:\/\/www.hurbana.com\/blog\/cidades\/marketing-experiencia-potencializa-vocacao-enderecos-hurbana\/#breadcrumb"},"inLanguage":"pt-BR","potentialAction":[{"@type":"ReadAction","target":["https:\/\/www.hurbana.com\/blog\/cidades\/marketing-experiencia-potencializa-vocacao-enderecos-hurbana\/"]}]},{"@type":"ImageObject","inLanguage":"pt-BR","@id":"https:\/\/www.hurbana.com\/blog\/cidades\/marketing-experiencia-potencializa-vocacao-enderecos-hurbana\/#primaryimage","url":"https:\/\/www.hurbana.com\/blog\/wp-content\/uploads\/2024\/01\/marketing-experiencia-potencializa-vocacao-enderecos-hurbana.jpg","contentUrl":"https:\/\/www.hurbana.com\/blog\/wp-content\/uploads\/2024\/01\/marketing-experiencia-potencializa-vocacao-enderecos-hurbana.jpg","width":1022,"height":680},{"@type":"BreadcrumbList","@id":"https:\/\/www.hurbana.com\/blog\/cidades\/marketing-experiencia-potencializa-vocacao-enderecos-hurbana\/#breadcrumb","itemListElement":[{"@type":"ListItem","position":1,"name":"Home","item":"https:\/\/www.hurbana.com\/blog\/"},{"@type":"ListItem","position":2,"name":"Marketing de Experi\u00eancia potencializa a voca\u00e7\u00e3o natural dos endere\u00e7os da Hurbana"}]},{"@type":"WebSite","@id":"https:\/\/www.hurbana.com\/blog\/#website","url":"https:\/\/www.hurbana.com\/blog\/","name":"Blog - Hurbana","description":"A vida em comunidade \u00e9 nosso maior ativo. A vida urbana \u00e9 nosso maior orgulho. Hurbana - Cidade Para Pessoas.","publisher":{"@id":"https:\/\/www.hurbana.com\/blog\/#organization"},"potentialAction":[{"@type":"SearchAction","target":{"@type":"EntryPoint","urlTemplate":"https:\/\/www.hurbana.com\/blog\/?s={search_term_string}"},"query-input":{"@type":"PropertyValueSpecification","valueRequired":true,"valueName":"search_term_string"}}],"inLanguage":"pt-BR"},{"@type":"Organization","@id":"https:\/\/www.hurbana.com\/blog\/#organization","name":"Blog - Hurbana","url":"https:\/\/www.hurbana.com\/blog\/","logo":{"@type":"ImageObject","inLanguage":"pt-BR","@id":"https:\/\/www.hurbana.com\/blog\/#\/schema\/logo\/image\/","url":"https:\/\/www.hurbana.com\/blog\/wp-content\/uploads\/2024\/01\/hurbana-cidade-para-pessoas.png","contentUrl":"https:\/\/www.hurbana.com\/blog\/wp-content\/uploads\/2024\/01\/hurbana-cidade-para-pessoas.png","width":213,"height":70,"caption":"Blog - Hurbana"},"image":{"@id":"https:\/\/www.hurbana.com\/blog\/#\/schema\/logo\/image\/"},"sameAs":["https:\/\/www.facebook.com\/cidadepedrabranca","https:\/\/www.instagram.com\/vidahurbana\/","https:\/\/www.youtube.com\/@vidahurbana\/"]},{"@type":"Person","@id":"https:\/\/www.hurbana.com\/blog\/#\/schema\/person\/d72139e6e1d9e595784bbd1b9673449e","name":"Bianca","image":{"@type":"ImageObject","inLanguage":"pt-BR","@id":"https:\/\/www.hurbana.com\/blog\/#\/schema\/person\/image\/","url":"https:\/\/secure.gravatar.com\/avatar\/b3d4c837c9972fd0f41c479fce0eeaea7572f0020cae5dd943c3206f00faea2b?s=96&d=mm&r=g","contentUrl":"https:\/\/secure.gravatar.com\/avatar\/b3d4c837c9972fd0f41c479fce0eeaea7572f0020cae5dd943c3206f00faea2b?s=96&d=mm&r=g","caption":"Bianca"},"sameAs":["http:\/\/www.hurbana.com"],"url":"https:\/\/www.hurbana.com\/blog\/author\/bianca\/"}]}},"_links":{"self":[{"href":"https:\/\/www.hurbana.com\/blog\/wp-json\/wp\/v2\/posts\/100","targetHints":{"allow":["GET"]}}],"collection":[{"href":"https:\/\/www.hurbana.com\/blog\/wp-json\/wp\/v2\/posts"}],"about":[{"href":"https:\/\/www.hurbana.com\/blog\/wp-json\/wp\/v2\/types\/post"}],"author":[{"embeddable":true,"href":"https:\/\/www.hurbana.com\/blog\/wp-json\/wp\/v2\/users\/5"}],"replies":[{"embeddable":true,"href":"https:\/\/www.hurbana.com\/blog\/wp-json\/wp\/v2\/comments?post=100"}],"version-history":[{"count":2,"href":"https:\/\/www.hurbana.com\/blog\/wp-json\/wp\/v2\/posts\/100\/revisions"}],"predecessor-version":[{"id":106,"href":"https:\/\/www.hurbana.com\/blog\/wp-json\/wp\/v2\/posts\/100\/revisions\/106"}],"wp:featuredmedia":[{"embeddable":true,"href":"https:\/\/www.hurbana.com\/blog\/wp-json\/wp\/v2\/media\/101"}],"wp:attachment":[{"href":"https:\/\/www.hurbana.com\/blog\/wp-json\/wp\/v2\/media?parent=100"}],"wp:term":[{"taxonomy":"category","embeddable":true,"href":"https:\/\/www.hurbana.com\/blog\/wp-json\/wp\/v2\/categories?post=100"},{"taxonomy":"post_tag","embeddable":true,"href":"https:\/\/www.hurbana.com\/blog\/wp-json\/wp\/v2\/tags?post=100"}],"curies":[{"name":"wp","href":"https:\/\/api.w.org\/{rel}","templated":true}]}}