{"id":364,"date":"2025-03-06T14:24:07","date_gmt":"2025-03-06T17:24:07","guid":{"rendered":"https:\/\/www.hurbana.com\/blog\/?p=364"},"modified":"2025-03-06T14:24:08","modified_gmt":"2025-03-06T17:24:08","slug":"passeio-pedra-branca-cidade-caminhavel-endereco-multifuncional","status":"publish","type":"post","link":"https:\/\/www.hurbana.com\/blog\/passeios\/passeio-pedra-branca-cidade-caminhavel-endereco-multifuncional\/","title":{"rendered":"Passeio Pedra Branca: um endere\u00e7o multifuncional, onde tudo est\u00e1 ao alcance de uma caminhada"},"content":{"rendered":"\n<p><em>A forma como vivemos e nos deslocamos dentro das cidades tem se transformado. O conceito de <\/em><strong><em>cidade caminh\u00e1vel e <\/em><\/strong><a href=\"https:\/\/www.hurbana.com\/blog\/passeios\/empreendimentos-multiusos-hurbana\/\"><strong><em>espa\u00e7os multifuncionais<\/em><\/strong><\/a><em> ganham cada vez mais espa\u00e7o, em um urbanismo que coloca as pessoas no centro, com moradia, trabalho, lazer e servi\u00e7os essenciais em um mesmo lugar.<\/em><\/p>\n\n\n\n<p><em>O <\/em><a href=\"https:\/\/www.passeiopedrabranca.com.br\/\"><em>Passeio Pedra Branca<\/em><\/a><em>, localizado na <\/em><a href=\"https:\/\/www.hurbana.com\/blog\/cidades\/cidades-bairro-centralidades-urbanas-compactas\/\"><em>cidade-bairro<\/em><\/a><em> <\/em><a href=\"https:\/\/www.cidadepedrabranca.com.br\/\"><em>Cidade Pedra Branca<\/em><\/a><em>, \u00e9 <\/em><strong><em>exemplo desse modelo <\/em><\/strong><em>no Brasil. Inaugurado em <\/em><em>novembro de 2013<\/em><em>, o projeto \u00e9 <\/em><strong><em>endere\u00e7o multifuncional<\/em><\/strong><em>, que valoriza as ruas como espa\u00e7os de conviv\u00eancia e promove uma experi\u00eancia urbana \u00fanica.&nbsp;<\/em><\/p>\n\n\n\n<p><em>Seja para gastronomia, servi\u00e7os, atividades f\u00edsicas, trabalhar, estudar ou aproveitar eventos culturais, <\/em><strong><em>no Passeio Pedra Branca tudo est\u00e1 ao alcance de uma caminhada<\/em><\/strong><em>.<\/em><\/p>\n\n\n\n<figure class=\"wp-block-image size-large is-style-default\"><img loading=\"lazy\" decoding=\"async\" width=\"1024\" height=\"576\" src=\"https:\/\/www.hurbana.com\/blog\/wp-content\/uploads\/2025\/03\/Passeio-PB-Julho-2023169-1-1024x576.jpg\" alt=\"\" class=\"wp-image-365\" srcset=\"https:\/\/www.hurbana.com\/blog\/wp-content\/uploads\/2025\/03\/Passeio-PB-Julho-2023169-1-1024x576.jpg 1024w, https:\/\/www.hurbana.com\/blog\/wp-content\/uploads\/2025\/03\/Passeio-PB-Julho-2023169-1-300x169.jpg 300w, https:\/\/www.hurbana.com\/blog\/wp-content\/uploads\/2025\/03\/Passeio-PB-Julho-2023169-1-768x432.jpg 768w, https:\/\/www.hurbana.com\/blog\/wp-content\/uploads\/2025\/03\/Passeio-PB-Julho-2023169-1-1536x864.jpg 1536w, https:\/\/www.hurbana.com\/blog\/wp-content\/uploads\/2025\/03\/Passeio-PB-Julho-2023169-1-2048x1152.jpg 2048w\" sizes=\"auto, (max-width: 1024px) 100vw, 1024px\" \/><\/figure>\n\n\n\n<h2 class=\"wp-block-heading\"><strong>A cidade caminh\u00e1vel e o endere\u00e7o multifuncional na pr\u00e1tica<\/strong><\/h2>\n\n\n\n<p>O <strong>Passeio Pedra Branca<\/strong> foi planejado para ser um lugar que possibilita encontros, promove a conviv\u00eancia e estimula a criatividade, seguindo os princ\u00edpios do <a href=\"https:\/\/www.hurbana.com\/blog\/cidades\/novo-urbanismo\/\"><strong>novo urbanismo<\/strong><\/a>. O conceito prop\u00f5e que os bairros sejam projetados para que seus moradores e visitantes consigam realizar suas atividades sem a necessidade do uso excessivo do carro, priorizando deslocamentos a p\u00e9 ou de bicicleta. Englobando-se, assim, nos conceitos de <a href=\"https:\/\/www.hurbana.com\/blog\/cidades\/cidades-vivas\/\">cidades vivas<\/a> e <a href=\"https:\/\/www.hurbana.com\/blog\/cidades\/cidade-15-minutos\/\">cidades de 15 minutos<\/a>.<\/p>\n\n\n\n<p>Com <strong>ruas seguras e arborizadas, pra\u00e7as e espa\u00e7os de conviv\u00eancia<\/strong>, o endere\u00e7o incentiva encontros, intera\u00e7\u00f5es e um estilo de vida mais saud\u00e1vel. Al\u00e9m disso, a presen\u00e7a de <strong>fachadas ativas<\/strong>, ou seja, lojas e restaurantes voltados para a rua, cria um ambiente mais pr\u00e1tico, acolhedor e seguro atrav\u00e9s da <a href=\"https:\/\/www.hurbana.com\/blog\/cidades\/ativacao-espacos-publicos\/\">ativa\u00e7\u00e3o dos espa\u00e7os p\u00fablicos<\/a> em diferentes momentos do dia.<\/p>\n\n\n\n<p>O resultado \u00e9 um lugar onde <strong>morar, trabalhar, estudar e se divertir<\/strong> fazem parte da rotina, \u00e0 dist\u00e2ncia de uma caminhada.&nbsp;<\/p>\n\n\n\n<h2 class=\"wp-block-heading\"><strong>Compras e Conveni\u00eancia<\/strong><\/h2>\n\n\n\n<div class=\"wp-block-columns is-layout-flex wp-container-core-columns-is-layout-9d6595d7 wp-block-columns-is-layout-flex\">\n<div class=\"wp-block-column is-layout-flow wp-block-column-is-layout-flow\" style=\"flex-basis:100%\">\n<figure class=\"wp-block-gallery has-nested-images columns-default is-cropped wp-block-gallery-1 is-layout-flex wp-block-gallery-is-layout-flex\"><div class=\"wp-block-image is-style-default\">\n<figure class=\"aligncenter size-full\"><img loading=\"lazy\" decoding=\"async\" width=\"446\" height=\"289\" data-id=\"366\" src=\"https:\/\/www.hurbana.com\/blog\/wp-content\/uploads\/2025\/03\/hurbana_Blog-3.png\" alt=\"\" class=\"wp-image-366\" srcset=\"https:\/\/www.hurbana.com\/blog\/wp-content\/uploads\/2025\/03\/hurbana_Blog-3.png 446w, https:\/\/www.hurbana.com\/blog\/wp-content\/uploads\/2025\/03\/hurbana_Blog-3-300x194.png 300w\" sizes=\"auto, (max-width: 446px) 100vw, 446px\" \/><\/figure>\n<\/div><\/figure>\n<\/div>\n<\/div>\n\n\n\n<p>O endere\u00e7o re\u00fane diversas lojas e servi\u00e7os essenciais para facilitar a rotina, tornando o dia a dia mais pr\u00e1tico.<\/p>\n\n\n\n<ul class=\"wp-block-list\">\n<li><strong>Moda e acess\u00f3rios:<\/strong> op\u00e7\u00f5es com as \u00faltimas tend\u00eancias para roupas, cal\u00e7ados e acess\u00f3rios.<br><strong>Decora\u00e7\u00e3o e presentes:<\/strong> itens exclusivos para decorar a casa ou presentear algu\u00e9m especial.<\/li>\n\n\n\n<li><strong>Papelaria e livraria:<\/strong> materiais escolares, itens de escrit\u00f3rio e leitura para todas as idades.<br><strong>Supermercado:<\/strong> produtos essenciais e de qualidade sempre por perto, sem precisar sair do bairro.<\/li>\n<\/ul>\n\n\n\n<h2 class=\"wp-block-heading\"><strong>Gastronomia para todos os momentos<\/strong><\/h2>\n\n\n\n<div class=\"wp-block-group\"><div class=\"wp-block-group__inner-container is-layout-constrained wp-block-group-is-layout-constrained\">\n<div class=\"wp-block-columns is-layout-flex wp-container-core-columns-is-layout-9d6595d7 wp-block-columns-is-layout-flex\">\n<div class=\"wp-block-column is-layout-flow wp-block-column-is-layout-flow\" style=\"flex-basis:100%\">\n<figure class=\"wp-block-image size-full\"><img loading=\"lazy\" decoding=\"async\" width=\"446\" height=\"289\" src=\"https:\/\/www.hurbana.com\/blog\/wp-content\/uploads\/2025\/03\/hurbana_Blog5-2.png\" alt=\"\" class=\"wp-image-367\" srcset=\"https:\/\/www.hurbana.com\/blog\/wp-content\/uploads\/2025\/03\/hurbana_Blog5-2.png 446w, https:\/\/www.hurbana.com\/blog\/wp-content\/uploads\/2025\/03\/hurbana_Blog5-2-300x194.png 300w\" sizes=\"auto, (max-width: 446px) 100vw, 446px\" \/><\/figure>\n<\/div>\n<\/div>\n<\/div><\/div>\n\n\n\n<p>Seja para uma refei\u00e7\u00e3o no almo\u00e7o, um caf\u00e9 no meio da tarde ou um jantar especial, a gastronomia no Passeio Pedra Branca \u00e9 um convite para explorar novos sabores.<\/p>\n\n\n\n<ul class=\"wp-block-list\">\n<li><strong>Restaurantes <\/strong>com op\u00e7\u00f5es que v\u00e3o de pratos sofisticados a refei\u00e7\u00f5es r\u00e1pidas e saud\u00e1veis.<\/li>\n\n\n\n<li><strong>Cafeterias e confeitarias<\/strong> ideais para encontros, reuni\u00f5es ou um caf\u00e9 da manh\u00e3 especial.<\/li>\n\n\n\n<li><strong>Happy hour <\/strong>para reunir amigos.<\/li>\n<\/ul>\n\n\n\n<h2 class=\"wp-block-heading\"><strong>Sa\u00fade, bem-estar e qualidade de vida<\/strong><\/h2>\n\n\n\n<figure class=\"wp-block-image size-full\"><img loading=\"lazy\" decoding=\"async\" width=\"446\" height=\"289\" src=\"https:\/\/www.hurbana.com\/blog\/wp-content\/uploads\/2025\/03\/hurbana_Blog4-1.png\" alt=\"\" class=\"wp-image-368\" srcset=\"https:\/\/www.hurbana.com\/blog\/wp-content\/uploads\/2025\/03\/hurbana_Blog4-1.png 446w, https:\/\/www.hurbana.com\/blog\/wp-content\/uploads\/2025\/03\/hurbana_Blog4-1-300x194.png 300w\" sizes=\"auto, (max-width: 446px) 100vw, 446px\" \/><\/figure>\n\n\n\n<p>No Passeio Pedra Branca, voc\u00ea encontra um bairro caminh\u00e1vel com espa\u00e7os para o autocuidado e pr\u00e1ticas saud\u00e1veis.<\/p>\n\n\n\n<ul class=\"wp-block-list\">\n<li><strong>Academias e est\u00fadios de dan\u00e7a<\/strong>, para uma rotina mais ativa.<\/li>\n\n\n\n<li><strong>Cl\u00ednicas de est\u00e9tica, sal\u00f5es de beleza e barbearias<\/strong>, para bem-estar e cuidados pessoais.<\/li>\n\n\n\n<li><strong>Farm\u00e1cias, consult\u00f3rios m\u00e9dicos e odontol\u00f3gicos<\/strong>, oferecendo assist\u00eancia para a sa\u00fade no pr\u00f3prio bairro.<\/li>\n<\/ul>\n\n\n\n<h2 class=\"wp-block-heading\"><strong>Trabalho e inova\u00e7\u00e3o em um s\u00f3 lugar<\/strong><\/h2>\n\n\n\n<figure class=\"wp-block-image size-full\"><img loading=\"lazy\" decoding=\"async\" width=\"446\" height=\"289\" src=\"https:\/\/www.hurbana.com\/blog\/wp-content\/uploads\/2025\/03\/hurbana_Blog3-3.png\" alt=\"\" class=\"wp-image-369\" srcset=\"https:\/\/www.hurbana.com\/blog\/wp-content\/uploads\/2025\/03\/hurbana_Blog3-3.png 446w, https:\/\/www.hurbana.com\/blog\/wp-content\/uploads\/2025\/03\/hurbana_Blog3-3-300x194.png 300w\" sizes=\"auto, (max-width: 446px) 100vw, 446px\" \/><\/figure>\n\n\n\n<p>A Cidade Pedra Branca \u00e9 reconhecida por seu ecossistema de inova\u00e7\u00e3o, concentrando 2.500 empresas que representam, atualmente, 30% do PIB de Palho\u00e7a. E o <strong>Passeio Pedra Branca<\/strong> faz parte desse ambiente criativo e empreendedor.<\/p>\n\n\n\n<ul class=\"wp-block-list\">\n<li>&nbsp;<strong>Coworkings e escrit\u00f3rios compartilhados<\/strong>, que estimulam conex\u00f5es e networking entre profissionais e empresas de diferentes segmentos.<\/li>\n<\/ul>\n\n\n\n<h2 class=\"wp-block-heading\"><strong>Lazer e cultura ao ar livre<\/strong><\/h2>\n\n\n\n<figure class=\"wp-block-image size-full\"><img loading=\"lazy\" decoding=\"async\" width=\"446\" height=\"289\" src=\"https:\/\/www.hurbana.com\/blog\/wp-content\/uploads\/2025\/03\/hurbana_Blog2-1.png\" alt=\"\" class=\"wp-image-370\" srcset=\"https:\/\/www.hurbana.com\/blog\/wp-content\/uploads\/2025\/03\/hurbana_Blog2-1.png 446w, https:\/\/www.hurbana.com\/blog\/wp-content\/uploads\/2025\/03\/hurbana_Blog2-1-300x194.png 300w\" sizes=\"auto, (max-width: 446px) 100vw, 446px\" \/><\/figure>\n\n\n\n<p>Muito mais do que um centro comercial e empresarial, o Passeio Pedra Branca \u00e9 um <strong>espa\u00e7o vivo e vibrante<\/strong>, que oferece uma <strong>agenda cultural e atividades <\/strong>para que pessoas de todas as idades aproveitem a Cidade Pedra Branca de forma ativa.<\/p>\n\n\n\n<ul class=\"wp-block-list\">\n<li><strong>Eventos e feiras<\/strong>, promovendo arte, m\u00fasica e entretenimento na rua.<\/li>\n\n\n\n<li><strong>Espet\u00e1culos, exposi\u00e7\u00f5es e palestras<\/strong>, conectando a comunidade ao conhecimento e \u00e0 criatividade.<\/li>\n\n\n\n<li><strong>Atividades ao ar livre<\/strong>, valorizando espa\u00e7os p\u00fablicos e a intera\u00e7\u00e3o entre as pessoas.<\/li>\n<\/ul>\n\n\n\n<p><strong>Mobilidade e facilidades que fazem a diferen\u00e7a<\/strong><\/p>\n\n\n\n<p>O <strong>Passeio Pedra Branca<\/strong> foi projetado para que deslocamentos curtos sejam feitos <strong>a p\u00e9 ou de bicicleta<\/strong>. Al\u00e9m disso, oferece:<\/p>\n\n\n\n<ul class=\"wp-block-list\">\n<li><strong>Localiza\u00e7\u00e3o estrat\u00e9gica<\/strong>, facilitando o acesso a outros pontos da cidade.<\/li>\n\n\n\n<li>&nbsp;<strong>Infraestrutura acess\u00edvel<\/strong>, com cal\u00e7adas largas e espa\u00e7os pensados para todos.<\/li>\n\n\n\n<li><strong>Estacionamento amplo e seguro<\/strong>, para quem precisa chegar de carro.<\/li>\n<\/ul>\n\n\n\n<p>A estrutura do bairro combina <a href=\"https:\/\/www.hurbana.com\/blog\/cidades\/desenvolvimento-urbano-sustentavel\/\"><strong>sustentabilidade<\/strong><\/a><strong>, urbanismo e mobilidade ativa<\/strong>, criando um lugar que favorece a <strong>intera\u00e7\u00e3o <\/strong>e o <strong>bem-estar <\/strong>da comunidade e representando <strong>uma forma de <\/strong><a href=\"https:\/\/www.hurbana.com\/blog\/passeios\/melhorar-cidades-para-as-pessoas\/\"><strong>melhorar as cidades para as pessoas<\/strong><\/a>, na qual servi\u00e7os, lazer, moradia e trabalho est\u00e3o conectados de maneira inteligente.<\/p>\n\n\n\n<p>Assim, a Cidade Pedra Branca se posiciona como <strong>um modelo inovador de cidade caminh\u00e1vel<\/strong>, criando espa\u00e7os sustent\u00e1veis e uma vida urbana mais humana.&nbsp;<\/p>\n\n\n\n<p>Quer saber tudo que voc\u00ea pode viver por aqui? <a href=\"https:\/\/www.passeiopedrabranca.com.br\/\">Acesse o site do Passeio Pedra Branca<\/a> e conhe\u00e7a as mais de 70 op\u00e7\u00f5es de lojas e servi\u00e7os em opera\u00e7\u00e3o no endere\u00e7o, al\u00e9m de nossa agenda cultural.<\/p>\n","protected":false},"excerpt":{"rendered":"<p>A forma como vivemos e nos deslocamos dentro das cidades tem se transformado. O conceito de cidade caminh\u00e1vel e espa\u00e7os multifuncionais ganham cada vez mais espa\u00e7o, em um urbanismo que coloca as pessoas no centro, com moradia, trabalho, lazer e servi\u00e7os essenciais em um mesmo lugar. O Passeio Pedra Branca, localizado na cidade-bairro Cidade Pedra [&hellip;]<\/p>\n","protected":false},"author":2,"featured_media":160,"comment_status":"open","ping_status":"open","sticky":false,"template":"","format":"standard","meta":{"footnotes":""},"categories":[2],"tags":[],"class_list":["post-364","post","type-post","status-publish","format-standard","has-post-thumbnail","hentry","category-passeios"],"yoast_head":"<!-- This site is optimized with the Yoast SEO plugin v27.1.1 - https:\/\/yoast.com\/product\/yoast-seo-wordpress\/ -->\n<title>Passeio Pedra Branca: um endere\u00e7o multifuncional<\/title>\n<meta name=\"description\" content=\"Um modelo inovador de cidade caminh\u00e1vel e endere\u00e7o multifuncional em Palho\u00e7a. Com tudo ao alcance de uma caminhada.\" \/>\n<meta name=\"robots\" content=\"index, follow, max-snippet:-1, max-image-preview:large, max-video-preview:-1\" \/>\n<link rel=\"canonical\" href=\"https:\/\/www.hurbana.com\/blog\/passeios\/passeio-pedra-branca-cidade-caminhavel-endereco-multifuncional\/\" \/>\n<meta property=\"og:locale\" content=\"pt_BR\" \/>\n<meta property=\"og:type\" content=\"article\" \/>\n<meta property=\"og:title\" content=\"Passeio Pedra Branca: um endere\u00e7o multifuncional\" \/>\n<meta property=\"og:description\" content=\"Um modelo inovador de cidade caminh\u00e1vel e endere\u00e7o multifuncional em Palho\u00e7a. Com tudo ao alcance de uma caminhada.\" \/>\n<meta property=\"og:url\" content=\"https:\/\/www.hurbana.com\/blog\/passeios\/passeio-pedra-branca-cidade-caminhavel-endereco-multifuncional\/\" \/>\n<meta property=\"og:site_name\" content=\"Blog - Hurbana\" \/>\n<meta property=\"article:publisher\" content=\"https:\/\/www.facebook.com\/cidadepedrabranca\" \/>\n<meta property=\"article:published_time\" content=\"2025-03-06T17:24:07+00:00\" \/>\n<meta property=\"article:modified_time\" content=\"2025-03-06T17:24:08+00:00\" \/>\n<meta property=\"og:image\" content=\"https:\/\/www.hurbana.com\/blog\/wp-content\/uploads\/2024\/03\/estetica-sustentabilidade-1.jpg\" \/>\n\t<meta property=\"og:image:width\" content=\"974\" \/>\n\t<meta property=\"og:image:height\" content=\"731\" \/>\n\t<meta property=\"og:image:type\" content=\"image\/jpeg\" \/>\n<meta name=\"author\" content=\"Jayni Santos\" \/>\n<meta name=\"twitter:card\" content=\"summary_large_image\" \/>\n<meta name=\"twitter:label1\" content=\"Written by\" \/>\n\t<meta name=\"twitter:data1\" content=\"Jayni Santos\" \/>\n\t<meta name=\"twitter:label2\" content=\"Est. reading time\" \/>\n\t<meta name=\"twitter:data2\" content=\"6 minutos\" \/>\n<script type=\"application\/ld+json\" class=\"yoast-schema-graph\">{\"@context\":\"https:\/\/schema.org\",\"@graph\":[{\"@type\":\"Article\",\"@id\":\"https:\/\/www.hurbana.com\/blog\/passeios\/passeio-pedra-branca-cidade-caminhavel-endereco-multifuncional\/#article\",\"isPartOf\":{\"@id\":\"https:\/\/www.hurbana.com\/blog\/passeios\/passeio-pedra-branca-cidade-caminhavel-endereco-multifuncional\/\"},\"author\":{\"name\":\"Jayni Santos\",\"@id\":\"https:\/\/www.hurbana.com\/blog\/#\/schema\/person\/c8c5b8fc5ee23c89d2d0878437503f99\"},\"headline\":\"Passeio Pedra Branca: um endere\u00e7o multifuncional, onde tudo est\u00e1 ao alcance de uma caminhada\",\"datePublished\":\"2025-03-06T17:24:07+00:00\",\"dateModified\":\"2025-03-06T17:24:08+00:00\",\"mainEntityOfPage\":{\"@id\":\"https:\/\/www.hurbana.com\/blog\/passeios\/passeio-pedra-branca-cidade-caminhavel-endereco-multifuncional\/\"},\"wordCount\":873,\"commentCount\":0,\"publisher\":{\"@id\":\"https:\/\/www.hurbana.com\/blog\/#organization\"},\"image\":{\"@id\":\"https:\/\/www.hurbana.com\/blog\/passeios\/passeio-pedra-branca-cidade-caminhavel-endereco-multifuncional\/#primaryimage\"},\"thumbnailUrl\":\"https:\/\/www.hurbana.com\/blog\/wp-content\/uploads\/2024\/03\/estetica-sustentabilidade-1.jpg\",\"articleSection\":[\"Passeios\"],\"inLanguage\":\"pt-BR\",\"potentialAction\":[{\"@type\":\"CommentAction\",\"name\":\"Comment\",\"target\":[\"https:\/\/www.hurbana.com\/blog\/passeios\/passeio-pedra-branca-cidade-caminhavel-endereco-multifuncional\/#respond\"]}]},{\"@type\":\"WebPage\",\"@id\":\"https:\/\/www.hurbana.com\/blog\/passeios\/passeio-pedra-branca-cidade-caminhavel-endereco-multifuncional\/\",\"url\":\"https:\/\/www.hurbana.com\/blog\/passeios\/passeio-pedra-branca-cidade-caminhavel-endereco-multifuncional\/\",\"name\":\"Passeio Pedra Branca: um endere\u00e7o multifuncional\",\"isPartOf\":{\"@id\":\"https:\/\/www.hurbana.com\/blog\/#website\"},\"primaryImageOfPage\":{\"@id\":\"https:\/\/www.hurbana.com\/blog\/passeios\/passeio-pedra-branca-cidade-caminhavel-endereco-multifuncional\/#primaryimage\"},\"image\":{\"@id\":\"https:\/\/www.hurbana.com\/blog\/passeios\/passeio-pedra-branca-cidade-caminhavel-endereco-multifuncional\/#primaryimage\"},\"thumbnailUrl\":\"https:\/\/www.hurbana.com\/blog\/wp-content\/uploads\/2024\/03\/estetica-sustentabilidade-1.jpg\",\"datePublished\":\"2025-03-06T17:24:07+00:00\",\"dateModified\":\"2025-03-06T17:24:08+00:00\",\"description\":\"Um modelo inovador de cidade caminh\u00e1vel e endere\u00e7o multifuncional em Palho\u00e7a. Com tudo ao alcance de uma caminhada.\",\"breadcrumb\":{\"@id\":\"https:\/\/www.hurbana.com\/blog\/passeios\/passeio-pedra-branca-cidade-caminhavel-endereco-multifuncional\/#breadcrumb\"},\"inLanguage\":\"pt-BR\",\"potentialAction\":[{\"@type\":\"ReadAction\",\"target\":[\"https:\/\/www.hurbana.com\/blog\/passeios\/passeio-pedra-branca-cidade-caminhavel-endereco-multifuncional\/\"]}]},{\"@type\":\"ImageObject\",\"inLanguage\":\"pt-BR\",\"@id\":\"https:\/\/www.hurbana.com\/blog\/passeios\/passeio-pedra-branca-cidade-caminhavel-endereco-multifuncional\/#primaryimage\",\"url\":\"https:\/\/www.hurbana.com\/blog\/wp-content\/uploads\/2024\/03\/estetica-sustentabilidade-1.jpg\",\"contentUrl\":\"https:\/\/www.hurbana.com\/blog\/wp-content\/uploads\/2024\/03\/estetica-sustentabilidade-1.jpg\",\"width\":974,\"height\":731},{\"@type\":\"BreadcrumbList\",\"@id\":\"https:\/\/www.hurbana.com\/blog\/passeios\/passeio-pedra-branca-cidade-caminhavel-endereco-multifuncional\/#breadcrumb\",\"itemListElement\":[{\"@type\":\"ListItem\",\"position\":1,\"name\":\"Home\",\"item\":\"https:\/\/www.hurbana.com\/blog\/\"},{\"@type\":\"ListItem\",\"position\":2,\"name\":\"Passeio Pedra Branca: um endere\u00e7o multifuncional, onde tudo est\u00e1 ao alcance de uma caminhada\"}]},{\"@type\":\"WebSite\",\"@id\":\"https:\/\/www.hurbana.com\/blog\/#website\",\"url\":\"https:\/\/www.hurbana.com\/blog\/\",\"name\":\"Blog - Hurbana\",\"description\":\"A vida em comunidade \u00e9 nosso maior ativo. A vida urbana \u00e9 nosso maior orgulho. Hurbana - Cidade Para Pessoas.\",\"publisher\":{\"@id\":\"https:\/\/www.hurbana.com\/blog\/#organization\"},\"potentialAction\":[{\"@type\":\"SearchAction\",\"target\":{\"@type\":\"EntryPoint\",\"urlTemplate\":\"https:\/\/www.hurbana.com\/blog\/?s={search_term_string}\"},\"query-input\":{\"@type\":\"PropertyValueSpecification\",\"valueRequired\":true,\"valueName\":\"search_term_string\"}}],\"inLanguage\":\"pt-BR\"},{\"@type\":\"Organization\",\"@id\":\"https:\/\/www.hurbana.com\/blog\/#organization\",\"name\":\"Blog - Hurbana\",\"url\":\"https:\/\/www.hurbana.com\/blog\/\",\"logo\":{\"@type\":\"ImageObject\",\"inLanguage\":\"pt-BR\",\"@id\":\"https:\/\/www.hurbana.com\/blog\/#\/schema\/logo\/image\/\",\"url\":\"https:\/\/www.hurbana.com\/blog\/wp-content\/uploads\/2024\/01\/hurbana-cidade-para-pessoas.png\",\"contentUrl\":\"https:\/\/www.hurbana.com\/blog\/wp-content\/uploads\/2024\/01\/hurbana-cidade-para-pessoas.png\",\"width\":213,\"height\":70,\"caption\":\"Blog - Hurbana\"},\"image\":{\"@id\":\"https:\/\/www.hurbana.com\/blog\/#\/schema\/logo\/image\/\"},\"sameAs\":[\"https:\/\/www.facebook.com\/cidadepedrabranca\",\"https:\/\/www.instagram.com\/vidahurbana\/\",\"https:\/\/www.youtube.com\/@vidahurbana\/\"]},{\"@type\":\"Person\",\"@id\":\"https:\/\/www.hurbana.com\/blog\/#\/schema\/person\/c8c5b8fc5ee23c89d2d0878437503f99\",\"name\":\"Jayni Santos\",\"image\":{\"@type\":\"ImageObject\",\"inLanguage\":\"pt-BR\",\"@id\":\"https:\/\/www.hurbana.com\/blog\/#\/schema\/person\/image\/\",\"url\":\"https:\/\/secure.gravatar.com\/avatar\/81f392262d0450e9d92ea021a715875b3ad58892f9edade5c25bbc4d6bfa1ca4?s=96&d=mm&r=g\",\"contentUrl\":\"https:\/\/secure.gravatar.com\/avatar\/81f392262d0450e9d92ea021a715875b3ad58892f9edade5c25bbc4d6bfa1ca4?s=96&d=mm&r=g\",\"caption\":\"Jayni Santos\"},\"sameAs\":[\"https:\/\/www.hurbana.com\"],\"url\":\"https:\/\/www.hurbana.com\/blog\/author\/jayni-santos\/\"}]}<\/script>\n<!-- \/ Yoast SEO plugin. -->","yoast_head_json":{"title":"Passeio Pedra Branca: um endere\u00e7o multifuncional","description":"Um modelo inovador de cidade caminh\u00e1vel e endere\u00e7o multifuncional em Palho\u00e7a. Com tudo ao alcance de uma caminhada.","robots":{"index":"index","follow":"follow","max-snippet":"max-snippet:-1","max-image-preview":"max-image-preview:large","max-video-preview":"max-video-preview:-1"},"canonical":"https:\/\/www.hurbana.com\/blog\/passeios\/passeio-pedra-branca-cidade-caminhavel-endereco-multifuncional\/","og_locale":"pt_BR","og_type":"article","og_title":"Passeio Pedra Branca: um endere\u00e7o multifuncional","og_description":"Um modelo inovador de cidade caminh\u00e1vel e endere\u00e7o multifuncional em Palho\u00e7a. Com tudo ao alcance de uma caminhada.","og_url":"https:\/\/www.hurbana.com\/blog\/passeios\/passeio-pedra-branca-cidade-caminhavel-endereco-multifuncional\/","og_site_name":"Blog - Hurbana","article_publisher":"https:\/\/www.facebook.com\/cidadepedrabranca","article_published_time":"2025-03-06T17:24:07+00:00","article_modified_time":"2025-03-06T17:24:08+00:00","og_image":[{"width":974,"height":731,"url":"https:\/\/www.hurbana.com\/blog\/wp-content\/uploads\/2024\/03\/estetica-sustentabilidade-1.jpg","type":"image\/jpeg"}],"author":"Jayni Santos","twitter_card":"summary_large_image","twitter_misc":{"Written by":"Jayni Santos","Est. reading time":"6 minutos"},"schema":{"@context":"https:\/\/schema.org","@graph":[{"@type":"Article","@id":"https:\/\/www.hurbana.com\/blog\/passeios\/passeio-pedra-branca-cidade-caminhavel-endereco-multifuncional\/#article","isPartOf":{"@id":"https:\/\/www.hurbana.com\/blog\/passeios\/passeio-pedra-branca-cidade-caminhavel-endereco-multifuncional\/"},"author":{"name":"Jayni Santos","@id":"https:\/\/www.hurbana.com\/blog\/#\/schema\/person\/c8c5b8fc5ee23c89d2d0878437503f99"},"headline":"Passeio Pedra Branca: um endere\u00e7o multifuncional, onde tudo est\u00e1 ao alcance de uma caminhada","datePublished":"2025-03-06T17:24:07+00:00","dateModified":"2025-03-06T17:24:08+00:00","mainEntityOfPage":{"@id":"https:\/\/www.hurbana.com\/blog\/passeios\/passeio-pedra-branca-cidade-caminhavel-endereco-multifuncional\/"},"wordCount":873,"commentCount":0,"publisher":{"@id":"https:\/\/www.hurbana.com\/blog\/#organization"},"image":{"@id":"https:\/\/www.hurbana.com\/blog\/passeios\/passeio-pedra-branca-cidade-caminhavel-endereco-multifuncional\/#primaryimage"},"thumbnailUrl":"https:\/\/www.hurbana.com\/blog\/wp-content\/uploads\/2024\/03\/estetica-sustentabilidade-1.jpg","articleSection":["Passeios"],"inLanguage":"pt-BR","potentialAction":[{"@type":"CommentAction","name":"Comment","target":["https:\/\/www.hurbana.com\/blog\/passeios\/passeio-pedra-branca-cidade-caminhavel-endereco-multifuncional\/#respond"]}]},{"@type":"WebPage","@id":"https:\/\/www.hurbana.com\/blog\/passeios\/passeio-pedra-branca-cidade-caminhavel-endereco-multifuncional\/","url":"https:\/\/www.hurbana.com\/blog\/passeios\/passeio-pedra-branca-cidade-caminhavel-endereco-multifuncional\/","name":"Passeio Pedra Branca: um endere\u00e7o multifuncional","isPartOf":{"@id":"https:\/\/www.hurbana.com\/blog\/#website"},"primaryImageOfPage":{"@id":"https:\/\/www.hurbana.com\/blog\/passeios\/passeio-pedra-branca-cidade-caminhavel-endereco-multifuncional\/#primaryimage"},"image":{"@id":"https:\/\/www.hurbana.com\/blog\/passeios\/passeio-pedra-branca-cidade-caminhavel-endereco-multifuncional\/#primaryimage"},"thumbnailUrl":"https:\/\/www.hurbana.com\/blog\/wp-content\/uploads\/2024\/03\/estetica-sustentabilidade-1.jpg","datePublished":"2025-03-06T17:24:07+00:00","dateModified":"2025-03-06T17:24:08+00:00","description":"Um modelo inovador de cidade caminh\u00e1vel e endere\u00e7o multifuncional em Palho\u00e7a. Com tudo ao alcance de uma caminhada.","breadcrumb":{"@id":"https:\/\/www.hurbana.com\/blog\/passeios\/passeio-pedra-branca-cidade-caminhavel-endereco-multifuncional\/#breadcrumb"},"inLanguage":"pt-BR","potentialAction":[{"@type":"ReadAction","target":["https:\/\/www.hurbana.com\/blog\/passeios\/passeio-pedra-branca-cidade-caminhavel-endereco-multifuncional\/"]}]},{"@type":"ImageObject","inLanguage":"pt-BR","@id":"https:\/\/www.hurbana.com\/blog\/passeios\/passeio-pedra-branca-cidade-caminhavel-endereco-multifuncional\/#primaryimage","url":"https:\/\/www.hurbana.com\/blog\/wp-content\/uploads\/2024\/03\/estetica-sustentabilidade-1.jpg","contentUrl":"https:\/\/www.hurbana.com\/blog\/wp-content\/uploads\/2024\/03\/estetica-sustentabilidade-1.jpg","width":974,"height":731},{"@type":"BreadcrumbList","@id":"https:\/\/www.hurbana.com\/blog\/passeios\/passeio-pedra-branca-cidade-caminhavel-endereco-multifuncional\/#breadcrumb","itemListElement":[{"@type":"ListItem","position":1,"name":"Home","item":"https:\/\/www.hurbana.com\/blog\/"},{"@type":"ListItem","position":2,"name":"Passeio Pedra Branca: um endere\u00e7o multifuncional, onde tudo est\u00e1 ao alcance de uma caminhada"}]},{"@type":"WebSite","@id":"https:\/\/www.hurbana.com\/blog\/#website","url":"https:\/\/www.hurbana.com\/blog\/","name":"Blog - Hurbana","description":"A vida em comunidade \u00e9 nosso maior ativo. A vida urbana \u00e9 nosso maior orgulho. Hurbana - Cidade Para Pessoas.","publisher":{"@id":"https:\/\/www.hurbana.com\/blog\/#organization"},"potentialAction":[{"@type":"SearchAction","target":{"@type":"EntryPoint","urlTemplate":"https:\/\/www.hurbana.com\/blog\/?s={search_term_string}"},"query-input":{"@type":"PropertyValueSpecification","valueRequired":true,"valueName":"search_term_string"}}],"inLanguage":"pt-BR"},{"@type":"Organization","@id":"https:\/\/www.hurbana.com\/blog\/#organization","name":"Blog - Hurbana","url":"https:\/\/www.hurbana.com\/blog\/","logo":{"@type":"ImageObject","inLanguage":"pt-BR","@id":"https:\/\/www.hurbana.com\/blog\/#\/schema\/logo\/image\/","url":"https:\/\/www.hurbana.com\/blog\/wp-content\/uploads\/2024\/01\/hurbana-cidade-para-pessoas.png","contentUrl":"https:\/\/www.hurbana.com\/blog\/wp-content\/uploads\/2024\/01\/hurbana-cidade-para-pessoas.png","width":213,"height":70,"caption":"Blog - Hurbana"},"image":{"@id":"https:\/\/www.hurbana.com\/blog\/#\/schema\/logo\/image\/"},"sameAs":["https:\/\/www.facebook.com\/cidadepedrabranca","https:\/\/www.instagram.com\/vidahurbana\/","https:\/\/www.youtube.com\/@vidahurbana\/"]},{"@type":"Person","@id":"https:\/\/www.hurbana.com\/blog\/#\/schema\/person\/c8c5b8fc5ee23c89d2d0878437503f99","name":"Jayni Santos","image":{"@type":"ImageObject","inLanguage":"pt-BR","@id":"https:\/\/www.hurbana.com\/blog\/#\/schema\/person\/image\/","url":"https:\/\/secure.gravatar.com\/avatar\/81f392262d0450e9d92ea021a715875b3ad58892f9edade5c25bbc4d6bfa1ca4?s=96&d=mm&r=g","contentUrl":"https:\/\/secure.gravatar.com\/avatar\/81f392262d0450e9d92ea021a715875b3ad58892f9edade5c25bbc4d6bfa1ca4?s=96&d=mm&r=g","caption":"Jayni Santos"},"sameAs":["https:\/\/www.hurbana.com"],"url":"https:\/\/www.hurbana.com\/blog\/author\/jayni-santos\/"}]}},"_links":{"self":[{"href":"https:\/\/www.hurbana.com\/blog\/wp-json\/wp\/v2\/posts\/364","targetHints":{"allow":["GET"]}}],"collection":[{"href":"https:\/\/www.hurbana.com\/blog\/wp-json\/wp\/v2\/posts"}],"about":[{"href":"https:\/\/www.hurbana.com\/blog\/wp-json\/wp\/v2\/types\/post"}],"author":[{"embeddable":true,"href":"https:\/\/www.hurbana.com\/blog\/wp-json\/wp\/v2\/users\/2"}],"replies":[{"embeddable":true,"href":"https:\/\/www.hurbana.com\/blog\/wp-json\/wp\/v2\/comments?post=364"}],"version-history":[{"count":1,"href":"https:\/\/www.hurbana.com\/blog\/wp-json\/wp\/v2\/posts\/364\/revisions"}],"predecessor-version":[{"id":372,"href":"https:\/\/www.hurbana.com\/blog\/wp-json\/wp\/v2\/posts\/364\/revisions\/372"}],"wp:featuredmedia":[{"embeddable":true,"href":"https:\/\/www.hurbana.com\/blog\/wp-json\/wp\/v2\/media\/160"}],"wp:attachment":[{"href":"https:\/\/www.hurbana.com\/blog\/wp-json\/wp\/v2\/media?parent=364"}],"wp:term":[{"taxonomy":"category","embeddable":true,"href":"https:\/\/www.hurbana.com\/blog\/wp-json\/wp\/v2\/categories?post=364"},{"taxonomy":"post_tag","embeddable":true,"href":"https:\/\/www.hurbana.com\/blog\/wp-json\/wp\/v2\/tags?post=364"}],"curies":[{"name":"wp","href":"https:\/\/api.w.org\/{rel}","templated":true}]}}