{"id":450,"date":"2026-04-20T14:05:30","date_gmt":"2026-04-20T17:05:30","guid":{"rendered":"https:\/\/www.hurbana.com\/blog\/?p=450"},"modified":"2026-04-20T14:08:12","modified_gmt":"2026-04-20T17:08:12","slug":"quando-o-espaco-publico-vira-destino-o-papel-dos-passeios-na-vida-urbana","status":"publish","type":"post","link":"https:\/\/www.hurbana.com\/blog\/passeios\/quando-o-espaco-publico-vira-destino-o-papel-dos-passeios-na-vida-urbana\/","title":{"rendered":"Quando o espa\u00e7o p\u00fablico vira destino: o papel dos Passeios na vida urbana"},"content":{"rendered":"\n<p>Mais do que espa\u00e7os bem desenhados, os <strong>Passeios<\/strong> criam condi\u00e7\u00f5es para o encontro, a conviv\u00eancia e a perman\u00eancia no cotidiano urbano.<\/p>\n\n\n\n<p>Eles surgem quando o desenho da cidade deixa de tratar a rua apenas como passagem e passa a enxerg\u00e1-la como <strong>lugar de estar<\/strong>, um lugar onde as pessoas escolhem ficar, circular, encontrar e viver a cidade no seu pr\u00f3prio ritmo.<\/p>\n\n\n\n<p>Isso porque quando o urbanismo prioriza o pedestre, integra diferentes usos e valoriza a vida na rua, o espa\u00e7o p\u00fablico deixa de ser cen\u00e1rio e se transforma em <a href=\"https:\/\/www.hurbana.com\/blog\/cidades\/urbanismo-e-lazer\/\"><strong>experi\u00eancia urbana<\/strong><\/a>.<\/p>\n\n\n\n<h2 class=\"wp-block-heading\"><strong>A rua como perman\u00eancia, n\u00e3o apenas passagem<\/strong><\/h2>\n\n\n\n<p>A transforma\u00e7\u00e3o de rua como um lugar de passagem para um lugar de perman\u00eancia acontece a partir de alguns <strong>elementos essenciais do desenho urbano<\/strong>:<\/p>\n\n\n\n<p><strong>Cal\u00e7adas largas<\/strong><\/p>\n\n\n\n<p>Cal\u00e7adas largas <strong>ampliam o papel do pedestre no endere\u00e7o<\/strong>. Elas oferecem espa\u00e7o para caminhar com conforto, parar, observar, conversar e conviver.&nbsp;<\/p>\n\n\n\n<p><strong>Tr\u00e2nsito acalmado<\/strong><\/p>\n\n\n\n<p><strong>Reduzir a velocidade dos ve\u00edculos<\/strong>, priorizando os pedestres, devolve a rua \u00e0s pessoas.<\/p>\n\n\n\n<p>Com menos pressa, o espa\u00e7o urbano se torna mais humano, j\u00e1 que crian\u00e7as, idosos, ciclistas e pedestres passam a ocupar a cidade com <strong>mais seguran\u00e7a e confian\u00e7a<\/strong>.<\/p>\n\n\n\n<p><strong>Fachadas ativas<\/strong><\/p>\n\n\n\n<p>Fachadas ativas criam <strong>uma rela\u00e7\u00e3o mais direta entre edif\u00edcios e espa\u00e7o p\u00fablico<\/strong>. Lojas, caf\u00e9s, servi\u00e7os e usos no t\u00e9rreo mant\u00eam a rua viva ao longo do dia, gerando movimento, seguran\u00e7a e interesse.<\/p>\n\n\n\n<p>Quando h\u00e1 portas abertas, vitrines, mesas externas e atividades voltadas para a rua, <strong>o espa\u00e7o p\u00fablico ganha mais dinamismo<\/strong>.&nbsp;<\/p>\n\n\n\n<p><strong>Usos diversos no mesmo espa\u00e7o<\/strong><\/p>\n\n\n\n<p>A diversidade de usos \u00e9 o que <strong>garante vitalidade no espa\u00e7o<\/strong>. Trabalho, lazer, cultura, servi\u00e7os, gastronomia e at\u00e9 mesmo moradia coexistem no mesmo endere\u00e7o, criando<strong> fluxos em diferentes hor\u00e1rios do dia<\/strong>.<\/p>\n\n\n\n<p>Essa mistura faz com que o Passeio esteja sempre ativo, fortalecendo a perman\u00eancia das pessoas no espa\u00e7o p\u00fablico. O lazer deixa de exigir grandes deslocamentos e passa a <strong>acontecer no caminho<\/strong>.<\/p>\n\n\n\n<h2 class=\"wp-block-heading\"><strong>Passeios e a vida urbana<\/strong><\/h2>\n\n\n\n<p>Os Passeios funcionam como <strong>pontos centrais da vida urbana, <\/strong>espa\u00e7os onde o <strong>lazer se mistura \u00e0 rotina<\/strong>, o trabalho encontra o descanso e os encontros acontecem de forma mais espont\u00e2nea, seja em <a href=\"https:\/\/www.hurbana.com\/blog\/cidades\/ativacao-espacos-publicos\/\">ativa\u00e7\u00f5es especiais<\/a>, restaurantes ou na rua.<\/p>\n\n\n\n<p>Esse modelo fortalece a economia local, estimula o uso cont\u00ednuo do espa\u00e7o e cria ambientes mais seguros, vibrantes e humanos. <strong>\u00c9 assim que surgem lugares que as pessoas escolhem frequentar.<\/strong><\/p>\n\n\n\n<h2 class=\"wp-block-heading\">Passeio Pedra Branca<\/h2>\n\n\n\n<p>O <a href=\"https:\/\/www.passeiopedrabranca.com.br\/\"><strong>Passeio Pedra Branca<\/strong><\/a> \u00e9 o cora\u00e7\u00e3o da <a href=\"https:\/\/www.cidadepedrabranca.com.br\/\"><strong>Cidade Criativa Pedra Branca<\/strong><\/a>.<\/p>\n\n\n\n<p>\u00c9 onde pessoas, cultura, gastronomia, lazer, empresas e cotidiano se conectam em um ambiente pensado para a conviv\u00eancia e a vida a p\u00e9.<\/p>\n\n\n\n<figure class=\"wp-block-image size-large\"><img loading=\"lazy\" decoding=\"async\" width=\"1024\" height=\"768\" src=\"https:\/\/www.hurbana.com\/blog\/wp-content\/uploads\/2026\/04\/compressed_image-1024x768.jpg\" alt=\"\" class=\"wp-image-451\" srcset=\"https:\/\/www.hurbana.com\/blog\/wp-content\/uploads\/2026\/04\/compressed_image-1024x768.jpg 1024w, https:\/\/www.hurbana.com\/blog\/wp-content\/uploads\/2026\/04\/compressed_image-300x225.jpg 300w, https:\/\/www.hurbana.com\/blog\/wp-content\/uploads\/2026\/04\/compressed_image-768x576.jpg 768w, https:\/\/www.hurbana.com\/blog\/wp-content\/uploads\/2026\/04\/compressed_image-1536x1152.jpg 1536w, https:\/\/www.hurbana.com\/blog\/wp-content\/uploads\/2026\/04\/compressed_image.jpg 2048w\" sizes=\"auto, (max-width: 1024px) 100vw, 1024px\" \/><\/figure>\n\n\n\n<h2 class=\"wp-block-heading\">Passeio Primavera<\/h2>\n\n\n\n<p>Localizado na <strong>SC-401<\/strong>, em <strong>Florian\u00f3polis<\/strong>, o <a href=\"https:\/\/www.passeioprimavera.com.br\/\"><strong>Passeio Primavera<\/strong><\/a> integra neg\u00f3cios, cultura, gastronomia e conviv\u00eancia no dia a dia da cidade.<\/p>\n\n\n\n<p>Um endere\u00e7o que conecta trabalho e lazer, ampliando as possibilidades de uso do espa\u00e7o urbano.<\/p>\n\n\n\n<figure class=\"wp-block-image size-large\"><img loading=\"lazy\" decoding=\"async\" width=\"768\" height=\"1024\" src=\"https:\/\/www.hurbana.com\/blog\/wp-content\/uploads\/2026\/04\/compressed_image_2-768x1024.jpg\" alt=\"\" class=\"wp-image-453\" srcset=\"https:\/\/www.hurbana.com\/blog\/wp-content\/uploads\/2026\/04\/compressed_image_2-768x1024.jpg 768w, https:\/\/www.hurbana.com\/blog\/wp-content\/uploads\/2026\/04\/compressed_image_2-225x300.jpg 225w, https:\/\/www.hurbana.com\/blog\/wp-content\/uploads\/2026\/04\/compressed_image_2-1152x1536.jpg 1152w, https:\/\/www.hurbana.com\/blog\/wp-content\/uploads\/2026\/04\/compressed_image_2.jpg 1536w\" sizes=\"auto, (max-width: 768px) 100vw, 768px\" \/><\/figure>\n\n\n\n<h2 class=\"wp-block-heading\"><strong>Passeio Sapiens<\/strong><\/h2>\n\n\n\n<p>O <a href=\"https:\/\/www.passeiosapiens.com.br\/\"><strong>Passeio Sapiens<\/strong><\/a> \u00e9 o ponto de encontro entre trabalho, lazer e conviv\u00eancia no <strong>Norte da Ilha de Florian\u00f3polis<\/strong>.<\/p>\n\n\n\n<p>Inserido em um contexto de inova\u00e7\u00e3o, ele refor\u00e7a o papel do espa\u00e7o p\u00fablico como lugar de encontro, perman\u00eancia e vida urbana mais ativa.&nbsp;<\/p>\n\n\n\n<figure class=\"wp-block-image size-large\"><img loading=\"lazy\" decoding=\"async\" width=\"1024\" height=\"768\" src=\"https:\/\/www.hurbana.com\/blog\/wp-content\/uploads\/2026\/04\/compressed_image_3-1024x768.jpg\" alt=\"\" class=\"wp-image-455\" srcset=\"https:\/\/www.hurbana.com\/blog\/wp-content\/uploads\/2026\/04\/compressed_image_3-1024x768.jpg 1024w, https:\/\/www.hurbana.com\/blog\/wp-content\/uploads\/2026\/04\/compressed_image_3-300x225.jpg 300w, https:\/\/www.hurbana.com\/blog\/wp-content\/uploads\/2026\/04\/compressed_image_3-768x576.jpg 768w, https:\/\/www.hurbana.com\/blog\/wp-content\/uploads\/2026\/04\/compressed_image_3-1536x1152.jpg 1536w, https:\/\/www.hurbana.com\/blog\/wp-content\/uploads\/2026\/04\/compressed_image_3.jpg 2048w\" sizes=\"auto, (max-width: 1024px) 100vw, 1024px\" \/><\/figure>\n\n\n\n<h2 class=\"wp-block-heading\"><strong>Que tal um Passeio?<\/strong><\/h2>\n\n\n\n<p>Passeios mostram que o urbanismo pode (e deve) <strong>criar experi\u00eancias, <\/strong>porque quando o espa\u00e7o p\u00fablico \u00e9 pensado para as pessoas, ele deixa de ser apenas parte da cidade e passa a ser <strong>motivo para viv\u00ea-la<\/strong>.<\/p>\n\n\n\n<p>E a\u00ed, que tal um Passeio?<\/p>\n","protected":false},"excerpt":{"rendered":"<p>Mais do que espa\u00e7os bem desenhados, os Passeios criam condi\u00e7\u00f5es para o encontro, a conviv\u00eancia e a perman\u00eancia no cotidiano urbano. Eles surgem quando o desenho da cidade deixa de tratar a rua apenas como passagem e passa a enxerg\u00e1-la como lugar de estar, um lugar onde as pessoas escolhem ficar, circular, encontrar e viver [&hellip;]<\/p>\n","protected":false},"author":2,"featured_media":441,"comment_status":"open","ping_status":"open","sticky":false,"template":"","format":"standard","meta":{"footnotes":""},"categories":[2],"tags":[],"class_list":["post-450","post","type-post","status-publish","format-standard","has-post-thumbnail","hentry","category-passeios"],"yoast_head":"<!-- This site is optimized with the Yoast SEO plugin v27.1.1 - https:\/\/yoast.com\/product\/yoast-seo-wordpress\/ -->\n<title>Quando o espa\u00e7o p\u00fablico vira destino: o papel dos Passeios na vida urbana - Blog - Hurbana<\/title>\n<meta name=\"robots\" content=\"index, follow, max-snippet:-1, max-image-preview:large, max-video-preview:-1\" \/>\n<link rel=\"canonical\" href=\"https:\/\/www.hurbana.com\/blog\/passeios\/quando-o-espaco-publico-vira-destino-o-papel-dos-passeios-na-vida-urbana\/\" \/>\n<meta property=\"og:locale\" content=\"pt_BR\" \/>\n<meta property=\"og:type\" content=\"article\" \/>\n<meta property=\"og:title\" content=\"Quando o espa\u00e7o p\u00fablico vira destino: o papel dos Passeios na vida urbana - Blog - Hurbana\" \/>\n<meta property=\"og:description\" content=\"Mais do que espa\u00e7os bem desenhados, os Passeios criam condi\u00e7\u00f5es para o encontro, a conviv\u00eancia e a perman\u00eancia no cotidiano urbano. Eles surgem quando o desenho da cidade deixa de tratar a rua apenas como passagem e passa a enxerg\u00e1-la como lugar de estar, um lugar onde as pessoas escolhem ficar, circular, encontrar e viver [&hellip;]\" \/>\n<meta property=\"og:url\" content=\"https:\/\/www.hurbana.com\/blog\/passeios\/quando-o-espaco-publico-vira-destino-o-papel-dos-passeios-na-vida-urbana\/\" \/>\n<meta property=\"og:site_name\" content=\"Blog - Hurbana\" \/>\n<meta property=\"article:publisher\" content=\"https:\/\/www.facebook.com\/cidadepedrabranca\" \/>\n<meta property=\"article:published_time\" content=\"2026-04-20T17:05:30+00:00\" \/>\n<meta property=\"article:modified_time\" content=\"2026-04-20T17:08:12+00:00\" \/>\n<meta property=\"og:image\" content=\"https:\/\/www.hurbana.com\/blog\/wp-content\/uploads\/2026\/02\/Cidade-Pedra-Branca-1.jpg\" \/>\n\t<meta property=\"og:image:width\" content=\"1000\" \/>\n\t<meta property=\"og:image:height\" content=\"750\" \/>\n\t<meta property=\"og:image:type\" content=\"image\/jpeg\" \/>\n<meta name=\"author\" content=\"Jayni Santos\" \/>\n<meta name=\"twitter:card\" content=\"summary_large_image\" \/>\n<meta name=\"twitter:label1\" content=\"Written by\" \/>\n\t<meta name=\"twitter:data1\" content=\"Jayni Santos\" \/>\n\t<meta name=\"twitter:label2\" content=\"Est. reading time\" \/>\n\t<meta name=\"twitter:data2\" content=\"4 minutos\" \/>\n<script type=\"application\/ld+json\" class=\"yoast-schema-graph\">{\"@context\":\"https:\/\/schema.org\",\"@graph\":[{\"@type\":\"Article\",\"@id\":\"https:\/\/www.hurbana.com\/blog\/passeios\/quando-o-espaco-publico-vira-destino-o-papel-dos-passeios-na-vida-urbana\/#article\",\"isPartOf\":{\"@id\":\"https:\/\/www.hurbana.com\/blog\/passeios\/quando-o-espaco-publico-vira-destino-o-papel-dos-passeios-na-vida-urbana\/\"},\"author\":{\"name\":\"Jayni Santos\",\"@id\":\"https:\/\/www.hurbana.com\/blog\/#\/schema\/person\/c8c5b8fc5ee23c89d2d0878437503f99\"},\"headline\":\"Quando o espa\u00e7o p\u00fablico vira destino: o papel dos Passeios na vida urbana\",\"datePublished\":\"2026-04-20T17:05:30+00:00\",\"dateModified\":\"2026-04-20T17:08:12+00:00\",\"mainEntityOfPage\":{\"@id\":\"https:\/\/www.hurbana.com\/blog\/passeios\/quando-o-espaco-publico-vira-destino-o-papel-dos-passeios-na-vida-urbana\/\"},\"wordCount\":621,\"commentCount\":0,\"publisher\":{\"@id\":\"https:\/\/www.hurbana.com\/blog\/#organization\"},\"image\":{\"@id\":\"https:\/\/www.hurbana.com\/blog\/passeios\/quando-o-espaco-publico-vira-destino-o-papel-dos-passeios-na-vida-urbana\/#primaryimage\"},\"thumbnailUrl\":\"https:\/\/www.hurbana.com\/blog\/wp-content\/uploads\/2026\/02\/Cidade-Pedra-Branca-1.jpg\",\"articleSection\":[\"Passeios\"],\"inLanguage\":\"pt-BR\",\"potentialAction\":[{\"@type\":\"CommentAction\",\"name\":\"Comment\",\"target\":[\"https:\/\/www.hurbana.com\/blog\/passeios\/quando-o-espaco-publico-vira-destino-o-papel-dos-passeios-na-vida-urbana\/#respond\"]}]},{\"@type\":\"WebPage\",\"@id\":\"https:\/\/www.hurbana.com\/blog\/passeios\/quando-o-espaco-publico-vira-destino-o-papel-dos-passeios-na-vida-urbana\/\",\"url\":\"https:\/\/www.hurbana.com\/blog\/passeios\/quando-o-espaco-publico-vira-destino-o-papel-dos-passeios-na-vida-urbana\/\",\"name\":\"Quando o espa\u00e7o p\u00fablico vira destino: o papel dos Passeios na vida urbana - Blog - Hurbana\",\"isPartOf\":{\"@id\":\"https:\/\/www.hurbana.com\/blog\/#website\"},\"primaryImageOfPage\":{\"@id\":\"https:\/\/www.hurbana.com\/blog\/passeios\/quando-o-espaco-publico-vira-destino-o-papel-dos-passeios-na-vida-urbana\/#primaryimage\"},\"image\":{\"@id\":\"https:\/\/www.hurbana.com\/blog\/passeios\/quando-o-espaco-publico-vira-destino-o-papel-dos-passeios-na-vida-urbana\/#primaryimage\"},\"thumbnailUrl\":\"https:\/\/www.hurbana.com\/blog\/wp-content\/uploads\/2026\/02\/Cidade-Pedra-Branca-1.jpg\",\"datePublished\":\"2026-04-20T17:05:30+00:00\",\"dateModified\":\"2026-04-20T17:08:12+00:00\",\"breadcrumb\":{\"@id\":\"https:\/\/www.hurbana.com\/blog\/passeios\/quando-o-espaco-publico-vira-destino-o-papel-dos-passeios-na-vida-urbana\/#breadcrumb\"},\"inLanguage\":\"pt-BR\",\"potentialAction\":[{\"@type\":\"ReadAction\",\"target\":[\"https:\/\/www.hurbana.com\/blog\/passeios\/quando-o-espaco-publico-vira-destino-o-papel-dos-passeios-na-vida-urbana\/\"]}]},{\"@type\":\"ImageObject\",\"inLanguage\":\"pt-BR\",\"@id\":\"https:\/\/www.hurbana.com\/blog\/passeios\/quando-o-espaco-publico-vira-destino-o-papel-dos-passeios-na-vida-urbana\/#primaryimage\",\"url\":\"https:\/\/www.hurbana.com\/blog\/wp-content\/uploads\/2026\/02\/Cidade-Pedra-Branca-1.jpg\",\"contentUrl\":\"https:\/\/www.hurbana.com\/blog\/wp-content\/uploads\/2026\/02\/Cidade-Pedra-Branca-1.jpg\",\"width\":1000,\"height\":750},{\"@type\":\"BreadcrumbList\",\"@id\":\"https:\/\/www.hurbana.com\/blog\/passeios\/quando-o-espaco-publico-vira-destino-o-papel-dos-passeios-na-vida-urbana\/#breadcrumb\",\"itemListElement\":[{\"@type\":\"ListItem\",\"position\":1,\"name\":\"Home\",\"item\":\"https:\/\/www.hurbana.com\/blog\/\"},{\"@type\":\"ListItem\",\"position\":2,\"name\":\"Quando o espa\u00e7o p\u00fablico vira destino: o papel dos Passeios na vida urbana\"}]},{\"@type\":\"WebSite\",\"@id\":\"https:\/\/www.hurbana.com\/blog\/#website\",\"url\":\"https:\/\/www.hurbana.com\/blog\/\",\"name\":\"Blog - Hurbana\",\"description\":\"A vida em comunidade \u00e9 nosso maior ativo. A vida urbana \u00e9 nosso maior orgulho. Hurbana - Cidade Para Pessoas.\",\"publisher\":{\"@id\":\"https:\/\/www.hurbana.com\/blog\/#organization\"},\"potentialAction\":[{\"@type\":\"SearchAction\",\"target\":{\"@type\":\"EntryPoint\",\"urlTemplate\":\"https:\/\/www.hurbana.com\/blog\/?s={search_term_string}\"},\"query-input\":{\"@type\":\"PropertyValueSpecification\",\"valueRequired\":true,\"valueName\":\"search_term_string\"}}],\"inLanguage\":\"pt-BR\"},{\"@type\":\"Organization\",\"@id\":\"https:\/\/www.hurbana.com\/blog\/#organization\",\"name\":\"Blog - Hurbana\",\"url\":\"https:\/\/www.hurbana.com\/blog\/\",\"logo\":{\"@type\":\"ImageObject\",\"inLanguage\":\"pt-BR\",\"@id\":\"https:\/\/www.hurbana.com\/blog\/#\/schema\/logo\/image\/\",\"url\":\"https:\/\/www.hurbana.com\/blog\/wp-content\/uploads\/2024\/01\/hurbana-cidade-para-pessoas.png\",\"contentUrl\":\"https:\/\/www.hurbana.com\/blog\/wp-content\/uploads\/2024\/01\/hurbana-cidade-para-pessoas.png\",\"width\":213,\"height\":70,\"caption\":\"Blog - Hurbana\"},\"image\":{\"@id\":\"https:\/\/www.hurbana.com\/blog\/#\/schema\/logo\/image\/\"},\"sameAs\":[\"https:\/\/www.facebook.com\/cidadepedrabranca\",\"https:\/\/www.instagram.com\/vidahurbana\/\",\"https:\/\/www.youtube.com\/@vidahurbana\/\"]},{\"@type\":\"Person\",\"@id\":\"https:\/\/www.hurbana.com\/blog\/#\/schema\/person\/c8c5b8fc5ee23c89d2d0878437503f99\",\"name\":\"Jayni Santos\",\"image\":{\"@type\":\"ImageObject\",\"inLanguage\":\"pt-BR\",\"@id\":\"https:\/\/www.hurbana.com\/blog\/#\/schema\/person\/image\/\",\"url\":\"https:\/\/secure.gravatar.com\/avatar\/81f392262d0450e9d92ea021a715875b3ad58892f9edade5c25bbc4d6bfa1ca4?s=96&d=mm&r=g\",\"contentUrl\":\"https:\/\/secure.gravatar.com\/avatar\/81f392262d0450e9d92ea021a715875b3ad58892f9edade5c25bbc4d6bfa1ca4?s=96&d=mm&r=g\",\"caption\":\"Jayni Santos\"},\"sameAs\":[\"https:\/\/www.hurbana.com\"],\"url\":\"https:\/\/www.hurbana.com\/blog\/author\/jayni-santos\/\"}]}<\/script>\n<!-- \/ Yoast SEO plugin. -->","yoast_head_json":{"title":"Quando o espa\u00e7o p\u00fablico vira destino: o papel dos Passeios na vida urbana - Blog - Hurbana","robots":{"index":"index","follow":"follow","max-snippet":"max-snippet:-1","max-image-preview":"max-image-preview:large","max-video-preview":"max-video-preview:-1"},"canonical":"https:\/\/www.hurbana.com\/blog\/passeios\/quando-o-espaco-publico-vira-destino-o-papel-dos-passeios-na-vida-urbana\/","og_locale":"pt_BR","og_type":"article","og_title":"Quando o espa\u00e7o p\u00fablico vira destino: o papel dos Passeios na vida urbana - Blog - Hurbana","og_description":"Mais do que espa\u00e7os bem desenhados, os Passeios criam condi\u00e7\u00f5es para o encontro, a conviv\u00eancia e a perman\u00eancia no cotidiano urbano. Eles surgem quando o desenho da cidade deixa de tratar a rua apenas como passagem e passa a enxerg\u00e1-la como lugar de estar, um lugar onde as pessoas escolhem ficar, circular, encontrar e viver [&hellip;]","og_url":"https:\/\/www.hurbana.com\/blog\/passeios\/quando-o-espaco-publico-vira-destino-o-papel-dos-passeios-na-vida-urbana\/","og_site_name":"Blog - Hurbana","article_publisher":"https:\/\/www.facebook.com\/cidadepedrabranca","article_published_time":"2026-04-20T17:05:30+00:00","article_modified_time":"2026-04-20T17:08:12+00:00","og_image":[{"width":1000,"height":750,"url":"https:\/\/www.hurbana.com\/blog\/wp-content\/uploads\/2026\/02\/Cidade-Pedra-Branca-1.jpg","type":"image\/jpeg"}],"author":"Jayni Santos","twitter_card":"summary_large_image","twitter_misc":{"Written by":"Jayni Santos","Est. reading time":"4 minutos"},"schema":{"@context":"https:\/\/schema.org","@graph":[{"@type":"Article","@id":"https:\/\/www.hurbana.com\/blog\/passeios\/quando-o-espaco-publico-vira-destino-o-papel-dos-passeios-na-vida-urbana\/#article","isPartOf":{"@id":"https:\/\/www.hurbana.com\/blog\/passeios\/quando-o-espaco-publico-vira-destino-o-papel-dos-passeios-na-vida-urbana\/"},"author":{"name":"Jayni Santos","@id":"https:\/\/www.hurbana.com\/blog\/#\/schema\/person\/c8c5b8fc5ee23c89d2d0878437503f99"},"headline":"Quando o espa\u00e7o p\u00fablico vira destino: o papel dos Passeios na vida urbana","datePublished":"2026-04-20T17:05:30+00:00","dateModified":"2026-04-20T17:08:12+00:00","mainEntityOfPage":{"@id":"https:\/\/www.hurbana.com\/blog\/passeios\/quando-o-espaco-publico-vira-destino-o-papel-dos-passeios-na-vida-urbana\/"},"wordCount":621,"commentCount":0,"publisher":{"@id":"https:\/\/www.hurbana.com\/blog\/#organization"},"image":{"@id":"https:\/\/www.hurbana.com\/blog\/passeios\/quando-o-espaco-publico-vira-destino-o-papel-dos-passeios-na-vida-urbana\/#primaryimage"},"thumbnailUrl":"https:\/\/www.hurbana.com\/blog\/wp-content\/uploads\/2026\/02\/Cidade-Pedra-Branca-1.jpg","articleSection":["Passeios"],"inLanguage":"pt-BR","potentialAction":[{"@type":"CommentAction","name":"Comment","target":["https:\/\/www.hurbana.com\/blog\/passeios\/quando-o-espaco-publico-vira-destino-o-papel-dos-passeios-na-vida-urbana\/#respond"]}]},{"@type":"WebPage","@id":"https:\/\/www.hurbana.com\/blog\/passeios\/quando-o-espaco-publico-vira-destino-o-papel-dos-passeios-na-vida-urbana\/","url":"https:\/\/www.hurbana.com\/blog\/passeios\/quando-o-espaco-publico-vira-destino-o-papel-dos-passeios-na-vida-urbana\/","name":"Quando o espa\u00e7o p\u00fablico vira destino: o papel dos Passeios na vida urbana - Blog - Hurbana","isPartOf":{"@id":"https:\/\/www.hurbana.com\/blog\/#website"},"primaryImageOfPage":{"@id":"https:\/\/www.hurbana.com\/blog\/passeios\/quando-o-espaco-publico-vira-destino-o-papel-dos-passeios-na-vida-urbana\/#primaryimage"},"image":{"@id":"https:\/\/www.hurbana.com\/blog\/passeios\/quando-o-espaco-publico-vira-destino-o-papel-dos-passeios-na-vida-urbana\/#primaryimage"},"thumbnailUrl":"https:\/\/www.hurbana.com\/blog\/wp-content\/uploads\/2026\/02\/Cidade-Pedra-Branca-1.jpg","datePublished":"2026-04-20T17:05:30+00:00","dateModified":"2026-04-20T17:08:12+00:00","breadcrumb":{"@id":"https:\/\/www.hurbana.com\/blog\/passeios\/quando-o-espaco-publico-vira-destino-o-papel-dos-passeios-na-vida-urbana\/#breadcrumb"},"inLanguage":"pt-BR","potentialAction":[{"@type":"ReadAction","target":["https:\/\/www.hurbana.com\/blog\/passeios\/quando-o-espaco-publico-vira-destino-o-papel-dos-passeios-na-vida-urbana\/"]}]},{"@type":"ImageObject","inLanguage":"pt-BR","@id":"https:\/\/www.hurbana.com\/blog\/passeios\/quando-o-espaco-publico-vira-destino-o-papel-dos-passeios-na-vida-urbana\/#primaryimage","url":"https:\/\/www.hurbana.com\/blog\/wp-content\/uploads\/2026\/02\/Cidade-Pedra-Branca-1.jpg","contentUrl":"https:\/\/www.hurbana.com\/blog\/wp-content\/uploads\/2026\/02\/Cidade-Pedra-Branca-1.jpg","width":1000,"height":750},{"@type":"BreadcrumbList","@id":"https:\/\/www.hurbana.com\/blog\/passeios\/quando-o-espaco-publico-vira-destino-o-papel-dos-passeios-na-vida-urbana\/#breadcrumb","itemListElement":[{"@type":"ListItem","position":1,"name":"Home","item":"https:\/\/www.hurbana.com\/blog\/"},{"@type":"ListItem","position":2,"name":"Quando o espa\u00e7o p\u00fablico vira destino: o papel dos Passeios na vida urbana"}]},{"@type":"WebSite","@id":"https:\/\/www.hurbana.com\/blog\/#website","url":"https:\/\/www.hurbana.com\/blog\/","name":"Blog - Hurbana","description":"A vida em comunidade \u00e9 nosso maior ativo. A vida urbana \u00e9 nosso maior orgulho. Hurbana - Cidade Para Pessoas.","publisher":{"@id":"https:\/\/www.hurbana.com\/blog\/#organization"},"potentialAction":[{"@type":"SearchAction","target":{"@type":"EntryPoint","urlTemplate":"https:\/\/www.hurbana.com\/blog\/?s={search_term_string}"},"query-input":{"@type":"PropertyValueSpecification","valueRequired":true,"valueName":"search_term_string"}}],"inLanguage":"pt-BR"},{"@type":"Organization","@id":"https:\/\/www.hurbana.com\/blog\/#organization","name":"Blog - Hurbana","url":"https:\/\/www.hurbana.com\/blog\/","logo":{"@type":"ImageObject","inLanguage":"pt-BR","@id":"https:\/\/www.hurbana.com\/blog\/#\/schema\/logo\/image\/","url":"https:\/\/www.hurbana.com\/blog\/wp-content\/uploads\/2024\/01\/hurbana-cidade-para-pessoas.png","contentUrl":"https:\/\/www.hurbana.com\/blog\/wp-content\/uploads\/2024\/01\/hurbana-cidade-para-pessoas.png","width":213,"height":70,"caption":"Blog - Hurbana"},"image":{"@id":"https:\/\/www.hurbana.com\/blog\/#\/schema\/logo\/image\/"},"sameAs":["https:\/\/www.facebook.com\/cidadepedrabranca","https:\/\/www.instagram.com\/vidahurbana\/","https:\/\/www.youtube.com\/@vidahurbana\/"]},{"@type":"Person","@id":"https:\/\/www.hurbana.com\/blog\/#\/schema\/person\/c8c5b8fc5ee23c89d2d0878437503f99","name":"Jayni Santos","image":{"@type":"ImageObject","inLanguage":"pt-BR","@id":"https:\/\/www.hurbana.com\/blog\/#\/schema\/person\/image\/","url":"https:\/\/secure.gravatar.com\/avatar\/81f392262d0450e9d92ea021a715875b3ad58892f9edade5c25bbc4d6bfa1ca4?s=96&d=mm&r=g","contentUrl":"https:\/\/secure.gravatar.com\/avatar\/81f392262d0450e9d92ea021a715875b3ad58892f9edade5c25bbc4d6bfa1ca4?s=96&d=mm&r=g","caption":"Jayni Santos"},"sameAs":["https:\/\/www.hurbana.com"],"url":"https:\/\/www.hurbana.com\/blog\/author\/jayni-santos\/"}]}},"_links":{"self":[{"href":"https:\/\/www.hurbana.com\/blog\/wp-json\/wp\/v2\/posts\/450","targetHints":{"allow":["GET"]}}],"collection":[{"href":"https:\/\/www.hurbana.com\/blog\/wp-json\/wp\/v2\/posts"}],"about":[{"href":"https:\/\/www.hurbana.com\/blog\/wp-json\/wp\/v2\/types\/post"}],"author":[{"embeddable":true,"href":"https:\/\/www.hurbana.com\/blog\/wp-json\/wp\/v2\/users\/2"}],"replies":[{"embeddable":true,"href":"https:\/\/www.hurbana.com\/blog\/wp-json\/wp\/v2\/comments?post=450"}],"version-history":[{"count":2,"href":"https:\/\/www.hurbana.com\/blog\/wp-json\/wp\/v2\/posts\/450\/revisions"}],"predecessor-version":[{"id":459,"href":"https:\/\/www.hurbana.com\/blog\/wp-json\/wp\/v2\/posts\/450\/revisions\/459"}],"wp:featuredmedia":[{"embeddable":true,"href":"https:\/\/www.hurbana.com\/blog\/wp-json\/wp\/v2\/media\/441"}],"wp:attachment":[{"href":"https:\/\/www.hurbana.com\/blog\/wp-json\/wp\/v2\/media?parent=450"}],"wp:term":[{"taxonomy":"category","embeddable":true,"href":"https:\/\/www.hurbana.com\/blog\/wp-json\/wp\/v2\/categories?post=450"},{"taxonomy":"post_tag","embeddable":true,"href":"https:\/\/www.hurbana.com\/blog\/wp-json\/wp\/v2\/tags?post=450"}],"curies":[{"name":"wp","href":"https:\/\/api.w.org\/{rel}","templated":true}]}}