{"id":452,"date":"2026-04-20T14:06:24","date_gmt":"2026-04-20T17:06:24","guid":{"rendered":"https:\/\/www.hurbana.com\/blog\/?p=452"},"modified":"2026-04-20T14:06:25","modified_gmt":"2026-04-20T17:06:25","slug":"urbanismo-bem-estar-saude-cidade-pedra-branca","status":"publish","type":"post","link":"https:\/\/www.hurbana.com\/blog\/cidades\/urbanismo-bem-estar-saude-cidade-pedra-branca\/","title":{"rendered":"Urbanismo e bem-estar: como o espa\u00e7o onde vivemos influencia nossa sa\u00fade"},"content":{"rendered":"\n<p>Existe uma pergunta que raramente consideramos ao escolher onde morar: <strong>esse lugar vai me tornar mais saud\u00e1vel?<\/strong><\/p>\n\n\n\n<p>A decis\u00e3o costuma passar por metragem, localiza\u00e7\u00e3o, pre\u00e7o e acabamento. Mas, cada vez mais, a ci\u00eancia urbana mostra que o entorno imediato, o que est\u00e1 a poucos minutos de caminhada, pode ter um impacto direto e cont\u00ednuo sobre a sa\u00fade f\u00edsica e mental.<\/p>\n\n\n\n<p>Um estudo conduzido pela Universidade de S\u00e3o Paulo, no <strong>projeto ISA \u2013 Atividade F\u00edsica e Ambiente<\/strong>, identificou que adultos com acesso a dois ou mais espa\u00e7os p\u00fablicos abertos, como pra\u00e7as, parques ou ciclovias, a menos de 500 metros de casa, praticam significativamente mais atividade f\u00edsica no dia a dia. N\u00e3o por decis\u00e3o consciente, mas porque o ambiente favorece esse comportamento.<\/p>\n\n\n\n<p>Essa \u00e9 uma das bases do pensamento do <strong>urbanista Jeff Speck<\/strong>, <strong>autor de <em>Cidade Caminh\u00e1vel<\/em><\/strong>. Para ele, a crise de sedentarismo observada em muitas cidades n\u00e3o \u00e9 apenas uma quest\u00e3o individual, mas tamb\u00e9m uma consequ\u00eancia direta do desenho urbano. Em bairros onde caminhar n\u00e3o \u00e9 uma op\u00e7\u00e3o vi\u00e1vel, as pessoas t\u00eam at\u00e9 60% mais chances de estar acima do peso. O ambiente, nesse sentido, antecede a escolha.<\/p>\n\n\n\n<p>Os efeitos n\u00e3o se limitam ao corpo. A presen\u00e7a de \u00e1reas verdes est\u00e1 associada \u00e0 redu\u00e7\u00e3o do estresse, \u00e0 melhora da qualidade de vida e \u00e0 diminui\u00e7\u00e3o do risco de doen\u00e7as cardiovasculares. Ao mesmo tempo, espa\u00e7os urbanos que estimulam a perman\u00eancia e o encontro contribuem para reduzir o isolamento social, hoje reconhecido como um dos principais fatores de risco para a sa\u00fade mental nas cidades.<\/p>\n\n\n\n<p>Esse entendimento orienta iniciativas globais h\u00e1 d\u00e9cadas. A Organiza\u00e7\u00e3o Mundial da Sa\u00fade, por meio do programa Cidades Saud\u00e1veis, parte do princ\u00edpio de que o ambiente constru\u00eddo n\u00e3o \u00e9 neutro. Cal\u00e7adas acess\u00edveis, espa\u00e7os p\u00fablicos ativos, diversidade de usos e proximidade entre moradia, trabalho e servi\u00e7os s\u00e3o elementos que impactam diretamente o bem-estar das popula\u00e7\u00f5es.<\/p>\n\n\n\n<p>Dentro dessa l\u00f3gica, ganha for\u00e7a o conceito da cidade de proximidade, em que as atividades essenciais da vida cotidiana podem ser acessadas a p\u00e9 ou de bicicleta em poucos minutos. Mais do que conveni\u00eancia, trata-se de uma reorganiza\u00e7\u00e3o da vida urbana que reduz deslocamentos, otimiza o tempo e favorece uma rotina mais equilibrada.<\/p>\n\n\n\n<p>Na pr\u00e1tica, isso significa que o urbanismo deixa de ser apenas uma quest\u00e3o de organiza\u00e7\u00e3o espacial e passa a ser tamb\u00e9m uma ferramenta de promo\u00e7\u00e3o de sa\u00fade. Ambientes que incentivam o caminhar, a conviv\u00eancia e o contato com a natureza criam condi\u00e7\u00f5es para que h\u00e1bitos mais saud\u00e1veis ocorram de forma espont\u00e2nea, incorporados ao cotidiano.<\/p>\n\n\n\n<p>Na <strong>Hurbana<\/strong>, esse entendimento orienta o desenvolvimento dos projetos. Ao integrar diferentes usos, valorizar o espa\u00e7o p\u00fablico e priorizar a escala humana, os empreendimentos buscam criar lugares onde a vida urbana acontece de forma cont\u00ednua e onde o bem-estar n\u00e3o depende de esfor\u00e7o, mas do pr\u00f3prio ambiente.<\/p>\n\n\n\n<p>O lugar onde vivemos n\u00e3o apenas abriga a nossa rotina. Ele participa da constru\u00e7\u00e3o dela. E, nesse processo, influencia diretamente a forma como nos movimentamos, nos relacionamos e cuidamos da nossa sa\u00fade.<\/p>\n","protected":false},"excerpt":{"rendered":"<p>Existe uma pergunta que raramente consideramos ao escolher onde morar: esse lugar vai me tornar mais saud\u00e1vel? A decis\u00e3o costuma passar por metragem, localiza\u00e7\u00e3o, pre\u00e7o e acabamento. Mas, cada vez mais, a ci\u00eancia urbana mostra que o entorno imediato, o que est\u00e1 a poucos minutos de caminhada, pode ter um impacto direto e cont\u00ednuo sobre [&hellip;]<\/p>\n","protected":false},"author":7,"featured_media":454,"comment_status":"open","ping_status":"open","sticky":false,"template":"","format":"standard","meta":{"footnotes":""},"categories":[1],"tags":[],"class_list":["post-452","post","type-post","status-publish","format-standard","has-post-thumbnail","hentry","category-cidades"],"yoast_head":"<!-- This site is optimized with the Yoast SEO plugin v27.1.1 - https:\/\/yoast.com\/product\/yoast-seo-wordpress\/ -->\n<title>Urbanismo e bem-estar: como o espa\u00e7o onde vivemos influencia nossa sa\u00fade - Blog - Hurbana<\/title>\n<meta name=\"robots\" content=\"index, follow, max-snippet:-1, max-image-preview:large, max-video-preview:-1\" \/>\n<link rel=\"canonical\" href=\"https:\/\/www.hurbana.com\/blog\/cidades\/urbanismo-bem-estar-saude-cidade-pedra-branca\/\" \/>\n<meta property=\"og:locale\" content=\"pt_BR\" \/>\n<meta property=\"og:type\" content=\"article\" \/>\n<meta property=\"og:title\" content=\"Urbanismo e bem-estar: como o espa\u00e7o onde vivemos influencia nossa sa\u00fade - Blog - Hurbana\" \/>\n<meta property=\"og:description\" content=\"Existe uma pergunta que raramente consideramos ao escolher onde morar: esse lugar vai me tornar mais saud\u00e1vel? A decis\u00e3o costuma passar por metragem, localiza\u00e7\u00e3o, pre\u00e7o e acabamento. Mas, cada vez mais, a ci\u00eancia urbana mostra que o entorno imediato, o que est\u00e1 a poucos minutos de caminhada, pode ter um impacto direto e cont\u00ednuo sobre [&hellip;]\" \/>\n<meta property=\"og:url\" content=\"https:\/\/www.hurbana.com\/blog\/cidades\/urbanismo-bem-estar-saude-cidade-pedra-branca\/\" \/>\n<meta property=\"og:site_name\" content=\"Blog - Hurbana\" \/>\n<meta property=\"article:publisher\" content=\"https:\/\/www.facebook.com\/cidadepedrabranca\" \/>\n<meta property=\"article:published_time\" content=\"2026-04-20T17:06:24+00:00\" \/>\n<meta property=\"article:modified_time\" content=\"2026-04-20T17:06:25+00:00\" \/>\n<meta property=\"og:image\" content=\"https:\/\/www.hurbana.com\/blog\/wp-content\/uploads\/2026\/04\/DJI_20250811111856_0773_D-1-scaled.jpg\" \/>\n\t<meta property=\"og:image:width\" content=\"1920\" \/>\n\t<meta property=\"og:image:height\" content=\"2560\" \/>\n\t<meta property=\"og:image:type\" content=\"image\/jpeg\" \/>\n<meta name=\"author\" content=\"Michely Marques\" \/>\n<meta name=\"twitter:card\" content=\"summary_large_image\" \/>\n<meta name=\"twitter:label1\" content=\"Written by\" \/>\n\t<meta name=\"twitter:data1\" content=\"Michely Marques\" \/>\n\t<meta name=\"twitter:label2\" content=\"Est. reading time\" \/>\n\t<meta name=\"twitter:data2\" content=\"3 minutos\" \/>\n<script type=\"application\/ld+json\" class=\"yoast-schema-graph\">{\"@context\":\"https:\/\/schema.org\",\"@graph\":[{\"@type\":\"Article\",\"@id\":\"https:\/\/www.hurbana.com\/blog\/cidades\/urbanismo-bem-estar-saude-cidade-pedra-branca\/#article\",\"isPartOf\":{\"@id\":\"https:\/\/www.hurbana.com\/blog\/cidades\/urbanismo-bem-estar-saude-cidade-pedra-branca\/\"},\"author\":{\"name\":\"Michely Marques\",\"@id\":\"https:\/\/www.hurbana.com\/blog\/#\/schema\/person\/3c515dc2f0cb27d24a4494d38b100c11\"},\"headline\":\"Urbanismo e bem-estar: como o espa\u00e7o onde vivemos influencia nossa sa\u00fade\",\"datePublished\":\"2026-04-20T17:06:24+00:00\",\"dateModified\":\"2026-04-20T17:06:25+00:00\",\"mainEntityOfPage\":{\"@id\":\"https:\/\/www.hurbana.com\/blog\/cidades\/urbanismo-bem-estar-saude-cidade-pedra-branca\/\"},\"wordCount\":565,\"commentCount\":0,\"publisher\":{\"@id\":\"https:\/\/www.hurbana.com\/blog\/#organization\"},\"image\":{\"@id\":\"https:\/\/www.hurbana.com\/blog\/cidades\/urbanismo-bem-estar-saude-cidade-pedra-branca\/#primaryimage\"},\"thumbnailUrl\":\"https:\/\/www.hurbana.com\/blog\/wp-content\/uploads\/2026\/04\/DJI_20250811111856_0773_D-1-scaled.jpg\",\"articleSection\":[\"Cidades\"],\"inLanguage\":\"pt-BR\",\"potentialAction\":[{\"@type\":\"CommentAction\",\"name\":\"Comment\",\"target\":[\"https:\/\/www.hurbana.com\/blog\/cidades\/urbanismo-bem-estar-saude-cidade-pedra-branca\/#respond\"]}]},{\"@type\":\"WebPage\",\"@id\":\"https:\/\/www.hurbana.com\/blog\/cidades\/urbanismo-bem-estar-saude-cidade-pedra-branca\/\",\"url\":\"https:\/\/www.hurbana.com\/blog\/cidades\/urbanismo-bem-estar-saude-cidade-pedra-branca\/\",\"name\":\"Urbanismo e bem-estar: como o espa\u00e7o onde vivemos influencia nossa sa\u00fade - Blog - Hurbana\",\"isPartOf\":{\"@id\":\"https:\/\/www.hurbana.com\/blog\/#website\"},\"primaryImageOfPage\":{\"@id\":\"https:\/\/www.hurbana.com\/blog\/cidades\/urbanismo-bem-estar-saude-cidade-pedra-branca\/#primaryimage\"},\"image\":{\"@id\":\"https:\/\/www.hurbana.com\/blog\/cidades\/urbanismo-bem-estar-saude-cidade-pedra-branca\/#primaryimage\"},\"thumbnailUrl\":\"https:\/\/www.hurbana.com\/blog\/wp-content\/uploads\/2026\/04\/DJI_20250811111856_0773_D-1-scaled.jpg\",\"datePublished\":\"2026-04-20T17:06:24+00:00\",\"dateModified\":\"2026-04-20T17:06:25+00:00\",\"breadcrumb\":{\"@id\":\"https:\/\/www.hurbana.com\/blog\/cidades\/urbanismo-bem-estar-saude-cidade-pedra-branca\/#breadcrumb\"},\"inLanguage\":\"pt-BR\",\"potentialAction\":[{\"@type\":\"ReadAction\",\"target\":[\"https:\/\/www.hurbana.com\/blog\/cidades\/urbanismo-bem-estar-saude-cidade-pedra-branca\/\"]}]},{\"@type\":\"ImageObject\",\"inLanguage\":\"pt-BR\",\"@id\":\"https:\/\/www.hurbana.com\/blog\/cidades\/urbanismo-bem-estar-saude-cidade-pedra-branca\/#primaryimage\",\"url\":\"https:\/\/www.hurbana.com\/blog\/wp-content\/uploads\/2026\/04\/DJI_20250811111856_0773_D-1-scaled.jpg\",\"contentUrl\":\"https:\/\/www.hurbana.com\/blog\/wp-content\/uploads\/2026\/04\/DJI_20250811111856_0773_D-1-scaled.jpg\",\"width\":1920,\"height\":2560,\"caption\":\"default\"},{\"@type\":\"BreadcrumbList\",\"@id\":\"https:\/\/www.hurbana.com\/blog\/cidades\/urbanismo-bem-estar-saude-cidade-pedra-branca\/#breadcrumb\",\"itemListElement\":[{\"@type\":\"ListItem\",\"position\":1,\"name\":\"Home\",\"item\":\"https:\/\/www.hurbana.com\/blog\/\"},{\"@type\":\"ListItem\",\"position\":2,\"name\":\"Urbanismo e bem-estar: como o espa\u00e7o onde vivemos influencia nossa sa\u00fade\"}]},{\"@type\":\"WebSite\",\"@id\":\"https:\/\/www.hurbana.com\/blog\/#website\",\"url\":\"https:\/\/www.hurbana.com\/blog\/\",\"name\":\"Blog - Hurbana\",\"description\":\"A vida em comunidade \u00e9 nosso maior ativo. A vida urbana \u00e9 nosso maior orgulho. Hurbana - Cidade Para Pessoas.\",\"publisher\":{\"@id\":\"https:\/\/www.hurbana.com\/blog\/#organization\"},\"potentialAction\":[{\"@type\":\"SearchAction\",\"target\":{\"@type\":\"EntryPoint\",\"urlTemplate\":\"https:\/\/www.hurbana.com\/blog\/?s={search_term_string}\"},\"query-input\":{\"@type\":\"PropertyValueSpecification\",\"valueRequired\":true,\"valueName\":\"search_term_string\"}}],\"inLanguage\":\"pt-BR\"},{\"@type\":\"Organization\",\"@id\":\"https:\/\/www.hurbana.com\/blog\/#organization\",\"name\":\"Blog - Hurbana\",\"url\":\"https:\/\/www.hurbana.com\/blog\/\",\"logo\":{\"@type\":\"ImageObject\",\"inLanguage\":\"pt-BR\",\"@id\":\"https:\/\/www.hurbana.com\/blog\/#\/schema\/logo\/image\/\",\"url\":\"https:\/\/www.hurbana.com\/blog\/wp-content\/uploads\/2024\/01\/hurbana-cidade-para-pessoas.png\",\"contentUrl\":\"https:\/\/www.hurbana.com\/blog\/wp-content\/uploads\/2024\/01\/hurbana-cidade-para-pessoas.png\",\"width\":213,\"height\":70,\"caption\":\"Blog - Hurbana\"},\"image\":{\"@id\":\"https:\/\/www.hurbana.com\/blog\/#\/schema\/logo\/image\/\"},\"sameAs\":[\"https:\/\/www.facebook.com\/cidadepedrabranca\",\"https:\/\/www.instagram.com\/vidahurbana\/\",\"https:\/\/www.youtube.com\/@vidahurbana\/\"]},{\"@type\":\"Person\",\"@id\":\"https:\/\/www.hurbana.com\/blog\/#\/schema\/person\/3c515dc2f0cb27d24a4494d38b100c11\",\"name\":\"Michely Marques\",\"image\":{\"@type\":\"ImageObject\",\"inLanguage\":\"pt-BR\",\"@id\":\"https:\/\/www.hurbana.com\/blog\/#\/schema\/person\/image\/\",\"url\":\"https:\/\/secure.gravatar.com\/avatar\/347149f6f0a427a5cd10236979444c8656437ce544d3115d2ed9c5420cf1e07d?s=96&d=mm&r=g\",\"contentUrl\":\"https:\/\/secure.gravatar.com\/avatar\/347149f6f0a427a5cd10236979444c8656437ce544d3115d2ed9c5420cf1e07d?s=96&d=mm&r=g\",\"caption\":\"Michely Marques\"},\"url\":\"https:\/\/www.hurbana.com\/blog\/author\/michely-marques\/\"}]}<\/script>\n<!-- \/ Yoast SEO plugin. -->","yoast_head_json":{"title":"Urbanismo e bem-estar: como o espa\u00e7o onde vivemos influencia nossa sa\u00fade - Blog - Hurbana","robots":{"index":"index","follow":"follow","max-snippet":"max-snippet:-1","max-image-preview":"max-image-preview:large","max-video-preview":"max-video-preview:-1"},"canonical":"https:\/\/www.hurbana.com\/blog\/cidades\/urbanismo-bem-estar-saude-cidade-pedra-branca\/","og_locale":"pt_BR","og_type":"article","og_title":"Urbanismo e bem-estar: como o espa\u00e7o onde vivemos influencia nossa sa\u00fade - Blog - Hurbana","og_description":"Existe uma pergunta que raramente consideramos ao escolher onde morar: esse lugar vai me tornar mais saud\u00e1vel? A decis\u00e3o costuma passar por metragem, localiza\u00e7\u00e3o, pre\u00e7o e acabamento. Mas, cada vez mais, a ci\u00eancia urbana mostra que o entorno imediato, o que est\u00e1 a poucos minutos de caminhada, pode ter um impacto direto e cont\u00ednuo sobre [&hellip;]","og_url":"https:\/\/www.hurbana.com\/blog\/cidades\/urbanismo-bem-estar-saude-cidade-pedra-branca\/","og_site_name":"Blog - Hurbana","article_publisher":"https:\/\/www.facebook.com\/cidadepedrabranca","article_published_time":"2026-04-20T17:06:24+00:00","article_modified_time":"2026-04-20T17:06:25+00:00","og_image":[{"width":1920,"height":2560,"url":"https:\/\/www.hurbana.com\/blog\/wp-content\/uploads\/2026\/04\/DJI_20250811111856_0773_D-1-scaled.jpg","type":"image\/jpeg"}],"author":"Michely Marques","twitter_card":"summary_large_image","twitter_misc":{"Written by":"Michely Marques","Est. reading time":"3 minutos"},"schema":{"@context":"https:\/\/schema.org","@graph":[{"@type":"Article","@id":"https:\/\/www.hurbana.com\/blog\/cidades\/urbanismo-bem-estar-saude-cidade-pedra-branca\/#article","isPartOf":{"@id":"https:\/\/www.hurbana.com\/blog\/cidades\/urbanismo-bem-estar-saude-cidade-pedra-branca\/"},"author":{"name":"Michely Marques","@id":"https:\/\/www.hurbana.com\/blog\/#\/schema\/person\/3c515dc2f0cb27d24a4494d38b100c11"},"headline":"Urbanismo e bem-estar: como o espa\u00e7o onde vivemos influencia nossa sa\u00fade","datePublished":"2026-04-20T17:06:24+00:00","dateModified":"2026-04-20T17:06:25+00:00","mainEntityOfPage":{"@id":"https:\/\/www.hurbana.com\/blog\/cidades\/urbanismo-bem-estar-saude-cidade-pedra-branca\/"},"wordCount":565,"commentCount":0,"publisher":{"@id":"https:\/\/www.hurbana.com\/blog\/#organization"},"image":{"@id":"https:\/\/www.hurbana.com\/blog\/cidades\/urbanismo-bem-estar-saude-cidade-pedra-branca\/#primaryimage"},"thumbnailUrl":"https:\/\/www.hurbana.com\/blog\/wp-content\/uploads\/2026\/04\/DJI_20250811111856_0773_D-1-scaled.jpg","articleSection":["Cidades"],"inLanguage":"pt-BR","potentialAction":[{"@type":"CommentAction","name":"Comment","target":["https:\/\/www.hurbana.com\/blog\/cidades\/urbanismo-bem-estar-saude-cidade-pedra-branca\/#respond"]}]},{"@type":"WebPage","@id":"https:\/\/www.hurbana.com\/blog\/cidades\/urbanismo-bem-estar-saude-cidade-pedra-branca\/","url":"https:\/\/www.hurbana.com\/blog\/cidades\/urbanismo-bem-estar-saude-cidade-pedra-branca\/","name":"Urbanismo e bem-estar: como o espa\u00e7o onde vivemos influencia nossa sa\u00fade - Blog - Hurbana","isPartOf":{"@id":"https:\/\/www.hurbana.com\/blog\/#website"},"primaryImageOfPage":{"@id":"https:\/\/www.hurbana.com\/blog\/cidades\/urbanismo-bem-estar-saude-cidade-pedra-branca\/#primaryimage"},"image":{"@id":"https:\/\/www.hurbana.com\/blog\/cidades\/urbanismo-bem-estar-saude-cidade-pedra-branca\/#primaryimage"},"thumbnailUrl":"https:\/\/www.hurbana.com\/blog\/wp-content\/uploads\/2026\/04\/DJI_20250811111856_0773_D-1-scaled.jpg","datePublished":"2026-04-20T17:06:24+00:00","dateModified":"2026-04-20T17:06:25+00:00","breadcrumb":{"@id":"https:\/\/www.hurbana.com\/blog\/cidades\/urbanismo-bem-estar-saude-cidade-pedra-branca\/#breadcrumb"},"inLanguage":"pt-BR","potentialAction":[{"@type":"ReadAction","target":["https:\/\/www.hurbana.com\/blog\/cidades\/urbanismo-bem-estar-saude-cidade-pedra-branca\/"]}]},{"@type":"ImageObject","inLanguage":"pt-BR","@id":"https:\/\/www.hurbana.com\/blog\/cidades\/urbanismo-bem-estar-saude-cidade-pedra-branca\/#primaryimage","url":"https:\/\/www.hurbana.com\/blog\/wp-content\/uploads\/2026\/04\/DJI_20250811111856_0773_D-1-scaled.jpg","contentUrl":"https:\/\/www.hurbana.com\/blog\/wp-content\/uploads\/2026\/04\/DJI_20250811111856_0773_D-1-scaled.jpg","width":1920,"height":2560,"caption":"default"},{"@type":"BreadcrumbList","@id":"https:\/\/www.hurbana.com\/blog\/cidades\/urbanismo-bem-estar-saude-cidade-pedra-branca\/#breadcrumb","itemListElement":[{"@type":"ListItem","position":1,"name":"Home","item":"https:\/\/www.hurbana.com\/blog\/"},{"@type":"ListItem","position":2,"name":"Urbanismo e bem-estar: como o espa\u00e7o onde vivemos influencia nossa sa\u00fade"}]},{"@type":"WebSite","@id":"https:\/\/www.hurbana.com\/blog\/#website","url":"https:\/\/www.hurbana.com\/blog\/","name":"Blog - Hurbana","description":"A vida em comunidade \u00e9 nosso maior ativo. A vida urbana \u00e9 nosso maior orgulho. Hurbana - Cidade Para Pessoas.","publisher":{"@id":"https:\/\/www.hurbana.com\/blog\/#organization"},"potentialAction":[{"@type":"SearchAction","target":{"@type":"EntryPoint","urlTemplate":"https:\/\/www.hurbana.com\/blog\/?s={search_term_string}"},"query-input":{"@type":"PropertyValueSpecification","valueRequired":true,"valueName":"search_term_string"}}],"inLanguage":"pt-BR"},{"@type":"Organization","@id":"https:\/\/www.hurbana.com\/blog\/#organization","name":"Blog - Hurbana","url":"https:\/\/www.hurbana.com\/blog\/","logo":{"@type":"ImageObject","inLanguage":"pt-BR","@id":"https:\/\/www.hurbana.com\/blog\/#\/schema\/logo\/image\/","url":"https:\/\/www.hurbana.com\/blog\/wp-content\/uploads\/2024\/01\/hurbana-cidade-para-pessoas.png","contentUrl":"https:\/\/www.hurbana.com\/blog\/wp-content\/uploads\/2024\/01\/hurbana-cidade-para-pessoas.png","width":213,"height":70,"caption":"Blog - Hurbana"},"image":{"@id":"https:\/\/www.hurbana.com\/blog\/#\/schema\/logo\/image\/"},"sameAs":["https:\/\/www.facebook.com\/cidadepedrabranca","https:\/\/www.instagram.com\/vidahurbana\/","https:\/\/www.youtube.com\/@vidahurbana\/"]},{"@type":"Person","@id":"https:\/\/www.hurbana.com\/blog\/#\/schema\/person\/3c515dc2f0cb27d24a4494d38b100c11","name":"Michely Marques","image":{"@type":"ImageObject","inLanguage":"pt-BR","@id":"https:\/\/www.hurbana.com\/blog\/#\/schema\/person\/image\/","url":"https:\/\/secure.gravatar.com\/avatar\/347149f6f0a427a5cd10236979444c8656437ce544d3115d2ed9c5420cf1e07d?s=96&d=mm&r=g","contentUrl":"https:\/\/secure.gravatar.com\/avatar\/347149f6f0a427a5cd10236979444c8656437ce544d3115d2ed9c5420cf1e07d?s=96&d=mm&r=g","caption":"Michely Marques"},"url":"https:\/\/www.hurbana.com\/blog\/author\/michely-marques\/"}]}},"_links":{"self":[{"href":"https:\/\/www.hurbana.com\/blog\/wp-json\/wp\/v2\/posts\/452","targetHints":{"allow":["GET"]}}],"collection":[{"href":"https:\/\/www.hurbana.com\/blog\/wp-json\/wp\/v2\/posts"}],"about":[{"href":"https:\/\/www.hurbana.com\/blog\/wp-json\/wp\/v2\/types\/post"}],"author":[{"embeddable":true,"href":"https:\/\/www.hurbana.com\/blog\/wp-json\/wp\/v2\/users\/7"}],"replies":[{"embeddable":true,"href":"https:\/\/www.hurbana.com\/blog\/wp-json\/wp\/v2\/comments?post=452"}],"version-history":[{"count":1,"href":"https:\/\/www.hurbana.com\/blog\/wp-json\/wp\/v2\/posts\/452\/revisions"}],"predecessor-version":[{"id":457,"href":"https:\/\/www.hurbana.com\/blog\/wp-json\/wp\/v2\/posts\/452\/revisions\/457"}],"wp:featuredmedia":[{"embeddable":true,"href":"https:\/\/www.hurbana.com\/blog\/wp-json\/wp\/v2\/media\/454"}],"wp:attachment":[{"href":"https:\/\/www.hurbana.com\/blog\/wp-json\/wp\/v2\/media?parent=452"}],"wp:term":[{"taxonomy":"category","embeddable":true,"href":"https:\/\/www.hurbana.com\/blog\/wp-json\/wp\/v2\/categories?post=452"},{"taxonomy":"post_tag","embeddable":true,"href":"https:\/\/www.hurbana.com\/blog\/wp-json\/wp\/v2\/tags?post=452"}],"curies":[{"name":"wp","href":"https:\/\/api.w.org\/{rel}","templated":true}]}}